{"id":1704,"date":"2024-12-15T23:52:48","date_gmt":"2024-12-15T22:52:48","guid":{"rendered":"https:\/\/esperanzarte.com\/?p=1704"},"modified":"2025-01-15T11:59:10","modified_gmt":"2025-01-15T10:59:10","slug":"esperanzarte-ano-nuevo-2025","status":"publish","type":"post","link":"http:\/\/esperanzarte.com\/?p=1704","title":{"rendered":"EsperanzARTE A\u00f1o Nuevo 2025"},"content":{"rendered":"\n<p>Comenzamos una nueva aventura, con una tanda de conciertos que hemos organizado con nueve colegios durante la cuarta semana de enero con la idea de que quede como una nueva propuesta anual para diversos colegios y parroquias, dado que en la edici\u00f3n de noviembre ya no damos abasto. <\/p>\n\n\n\n<p>&nbsp;&nbsp;&nbsp;&nbsp;&nbsp;&nbsp;&nbsp;&nbsp; El tema de esta edici\u00f3n ser\u00e1 \u201c<strong>Un lugar para todos, un lugar para ti\u201d<\/strong>&nbsp;El festival se hace as\u00ed eco de las palabras del Papa Francisco: \u201cEn la Iglesia caben todos, todos, todos\u201d. Tambi\u00e9n en nuestros pueblos, colegios y parroquias.<\/p>\n\n\n\n<p>Entre los objetivos que persigue el festival, desde sus inicios, se encuentran los siguientes: crear un espacio de encuentro entre j\u00f3venes y ni\u00f1os de distintos centros educativos; fomentar el di\u00e1logo ecum\u00e9nico; promover la creatividad y el conocimiento del nuevo arte cristiano; desarrollar la capacidad cr\u00edtica ante la realidad social; y apoyar diversos proyectos solidarios.<\/p>\n\n\n\n<p>A lo largo de los siete d\u00edas ir\u00e1n participando algunos de los siguientes artistas:&nbsp;<strong><a href=\"https:\/\/migueli.com\/\">Migueli<\/a><\/strong>, cantautor extreme\u00f1o con una larga trayectoria cuyo mensaje invita a crear comunidades y familias acogedoras y solidarias;&nbsp;<strong><a rel=\"noreferrer noopener\" href=\"https:\/\/www.youtube.com\/@gersondanielperez\" data-type=\"URL\" data-id=\"https:\/\/www.youtube.com\/@gersondanielperez\" target=\"_blank\">Gers\u00f3n P\u00e9rez<\/a><\/strong>, cantante venezolano afincado en \u00c1vila de espl\u00e9ndida voz y ritmo lleno de evangelio que animar\u00e1 a los m\u00e1s j\u00f3venes y tambi\u00e9n a los mayores;&nbsp;<a href=\"https:\/\/esperanzarte.com\/?p=1193\"><strong>Jano<\/strong><\/a><strong>,<\/strong>&nbsp;payaso que nos deleitar\u00e1 con su espect\u00e1culo lleno de sabidur\u00eda y ternura;&nbsp;<strong><a href=\"https:\/\/esperanzarte.com\/?p=1207\">Kikote<\/a>,<\/strong>&nbsp;clown que nos har\u00e1 pensar, re\u00edr y cuidar del mundo; la <strong>Joven Orquesta de Guitarras<\/strong>, dirigida por Pedro Andr\u00e9s P\u00e9rez; los&nbsp;<strong>coros<\/strong>&nbsp;de diversos colegios y parroquias\u2026<\/p>\n\n\n\n<p>Se celebrar\u00e1n&nbsp;<strong>19 conciertos<\/strong>&nbsp;durante los siete d\u00edas que iremos actualizando aqu\u00ed:<\/p>\n\n\n\n<ul class=\"wp-block-list\">\n<li>Comenzar\u00e1 el lunes, <strong>20 de enero<\/strong>, en el&nbsp;<strong><a href=\"http:\/\/esperanzarte.com\/?p=1431\">Col. Madre Rosa Molas<\/a><\/strong>&nbsp;de Zaragoza.<\/li>\n\n\n\n<li>Seguir\u00e1 el martes, <strong>21 de enero<\/strong>, con el segundo <strong>EsperanzARTE Logro\u00f1o<\/strong>&nbsp;en el&nbsp;<strong>Auditorio Municipal de Logro\u00f1o,&nbsp;<\/strong>donde participar\u00e1n cinco colegios (Escolapios, Escolapias, Agustinas, Bachillerato&#8230;) y habr\u00e1 un&nbsp;<strong>concierto abierto a las 19 h.&nbsp;<\/strong>para toda la ciudad.<\/li>\n\n\n\n<li>El mi\u00e9rcoles, <strong>d\u00eda&nbsp;22<\/strong>,&nbsp;tendr\u00e1 lugar en el <strong><a rel=\"noreferrer noopener\" href=\"https:\/\/tpilarzaragoza.escuelateresiana.com\/\" data-type=\"URL\" data-id=\"https:\/\/tpilarzaragoza.escuelateresiana.com\/\" target=\"_blank\">Colegio Teresiano del Pilar<\/a><\/strong> de Zaragoza.<\/li>\n\n\n\n<li>El <strong>jueves 23<\/strong>&nbsp;ser\u00e1 en el <strong><a rel=\"noreferrer noopener\" href=\"https:\/\/zaragoza.salesianos.edu\/\" data-type=\"URL\" data-id=\"https:\/\/zaragoza.salesianos.edu\/\" target=\"_blank\">Colegio Salesianos de Zaragoza<\/a><\/strong>.<\/li>\n\n\n\n<li>El <strong>viernes, 24<\/strong>, tendr\u00e1 lugar en el <strong><a rel=\"noreferrer noopener\" href=\"https:\/\/www.agustingerico.com\/\" data-type=\"URL\" data-id=\"https:\/\/www.agustingerico.com\/\" target=\"_blank\">Colegio Agust\u00edn Geric\u00f3 de Zaragoza<\/a><\/strong>, siendo los conciertos en el Centro C\u00edvico Teodoro S\u00e1nchez Punter.<\/li>\n\n\n\n<li>El <strong>s\u00e1bado, 25<\/strong>, habr\u00e1 un concierto por la ma\u00f1ana en el <strong>Centro Penitenciario de Daroca<\/strong> y otro, a las 6:00, en la <strong>Parroquia de San Valero de Zaragoza<\/strong>.<\/li>\n<\/ul>\n\n\n\n<p>El EsperanzARTE, como siempre, tiene tambi\u00e9n una dimensi\u00f3n solidaria, que este a\u00f1o ser\u00e1 ayudar a diversas oeneg\u00e9s:&nbsp;<a rel=\"noreferrer noopener\" href=\"https:\/\/www.itakaescolapios.org\/\" target=\"_blank\"><strong>&nbsp;Itaka-Escolapios,<\/strong><\/a>&nbsp;<a rel=\"noreferrer noopener\" href=\"https:\/\/esc-coopera.com\/\" target=\"_blank\"><strong>Escolapias-Coopera<\/strong><\/a>,&nbsp;<strong><a rel=\"noreferrer noopener\" href=\"https:\/\/agustinasmisioneras.net\/\" target=\"_blank\">Agustinas Misioneras<\/a><\/strong>;&nbsp;<strong><a rel=\"noreferrer noopener\" href=\"https:\/\/misionessalesianas.org\/\" target=\"_blank\">Misiones Salesianas<\/a><\/strong>,&nbsp;<strong><a href=\"https:\/\/delwende.es\/\">Delwende<\/a><\/strong>, <strong><a rel=\"noreferrer noopener\" href=\"https:\/\/www.fundeo.org\/\" data-type=\"URL\" data-id=\"https:\/\/www.fundeo.org\/\" target=\"_blank\">Fundaci\u00f3n Enrique de Oss\u00f3<\/a><\/strong> <strong>y <a href=\"https:\/\/accionfamiliar.org\/\" data-type=\"URL\" data-id=\"https:\/\/accionfamiliar.org\/\" target=\"_blank\" rel=\"noreferrer noopener\">Acci\u00f3n Familiar Aragonesa<\/a><\/strong>. Quienes lo deseen podr\u00e1n apoyar estas causas, varias de las cuales ir\u00e1n para apoyar a los afectados por la dana.<\/p>\n\n\n\n<p><strong>Cartel de Madre Rosa Molas:<\/strong><\/p>\n\n\n<div class=\"wp-block-image\">\n<figure class=\"aligncenter size-large\"><a href=\"https:\/\/esperanzarte.com\/wp-content\/uploads\/2024\/12\/Cartel-Esperanzarte-25-ROSA-MOLAS.jpg\"><img loading=\"lazy\" decoding=\"async\" width=\"705\" height=\"1024\" src=\"https:\/\/esperanzarte.com\/wp-content\/uploads\/2024\/12\/Cartel-Esperanzarte-25-ROSA-MOLAS-705x1024.jpg\" alt=\"\" class=\"wp-image-1707\" srcset=\"http:\/\/esperanzarte.com\/wp-content\/uploads\/2024\/12\/Cartel-Esperanzarte-25-ROSA-MOLAS-705x1024.jpg 705w, http:\/\/esperanzarte.com\/wp-content\/uploads\/2024\/12\/Cartel-Esperanzarte-25-ROSA-MOLAS-206x300.jpg 206w, http:\/\/esperanzarte.com\/wp-content\/uploads\/2024\/12\/Cartel-Esperanzarte-25-ROSA-MOLAS-768x1116.jpg 768w, http:\/\/esperanzarte.com\/wp-content\/uploads\/2024\/12\/Cartel-Esperanzarte-25-ROSA-MOLAS.jpg 837w\" sizes=\"auto, (max-width: 705px) 100vw, 705px\" \/><\/a><\/figure><\/div>\n\n\n<p><strong>Cartel de Logro\u00f1o:<\/strong><\/p>\n\n\n<div class=\"wp-block-image\">\n<figure class=\"aligncenter size-large\"><a href=\"https:\/\/esperanzarte.com\/wp-content\/uploads\/2024\/12\/Cartel-Esperanzarte-25-LOGRONO.jpg\"><img loading=\"lazy\" decoding=\"async\" width=\"705\" height=\"1024\" src=\"https:\/\/esperanzarte.com\/wp-content\/uploads\/2024\/12\/Cartel-Esperanzarte-25-LOGRONO-705x1024.jpg\" alt=\"\" class=\"wp-image-1710\" srcset=\"http:\/\/esperanzarte.com\/wp-content\/uploads\/2024\/12\/Cartel-Esperanzarte-25-LOGRONO-705x1024.jpg 705w, http:\/\/esperanzarte.com\/wp-content\/uploads\/2024\/12\/Cartel-Esperanzarte-25-LOGRONO-207x300.jpg 207w, http:\/\/esperanzarte.com\/wp-content\/uploads\/2024\/12\/Cartel-Esperanzarte-25-LOGRONO-768x1115.jpg 768w, http:\/\/esperanzarte.com\/wp-content\/uploads\/2024\/12\/Cartel-Esperanzarte-25-LOGRONO.jpg 840w\" sizes=\"auto, (max-width: 705px) 100vw, 705px\" \/><\/a><\/figure><\/div>\n\n\n<p><strong>Cartel de Teresianas del Pilar:<\/strong><\/p>\n\n\n<div class=\"wp-block-image\">\n<figure class=\"aligncenter size-large\"><a href=\"https:\/\/esperanzarte.com\/wp-content\/uploads\/2024\/12\/Cartel-Esperanzarte-25-TERESIANAS.jpg\"><img loading=\"lazy\" decoding=\"async\" width=\"720\" height=\"1024\" src=\"https:\/\/esperanzarte.com\/wp-content\/uploads\/2024\/12\/Cartel-Esperanzarte-25-TERESIANAS-720x1024.jpg\" alt=\"\" class=\"wp-image-1713\" srcset=\"http:\/\/esperanzarte.com\/wp-content\/uploads\/2024\/12\/Cartel-Esperanzarte-25-TERESIANAS-720x1024.jpg 720w, http:\/\/esperanzarte.com\/wp-content\/uploads\/2024\/12\/Cartel-Esperanzarte-25-TERESIANAS-211x300.jpg 211w, http:\/\/esperanzarte.com\/wp-content\/uploads\/2024\/12\/Cartel-Esperanzarte-25-TERESIANAS-768x1092.jpg 768w, http:\/\/esperanzarte.com\/wp-content\/uploads\/2024\/12\/Cartel-Esperanzarte-25-TERESIANAS.jpg 842w\" sizes=\"auto, (max-width: 720px) 100vw, 720px\" \/><\/a><\/figure><\/div>\n\n\n<p><strong>Cartel de Salesianos:<\/strong><\/p>\n\n\n<div class=\"wp-block-image\">\n<figure class=\"aligncenter size-large\"><a href=\"http:\/\/esperanzarte.com\/wp-content\/uploads\/2024\/12\/Cartel-Esperanzarte-25-SALESIANOS.jpg\"><img loading=\"lazy\" decoding=\"async\" width=\"723\" height=\"1024\" src=\"http:\/\/esperanzarte.com\/wp-content\/uploads\/2024\/12\/Cartel-Esperanzarte-25-SALESIANOS-723x1024.jpg\" alt=\"\" class=\"wp-image-1719\" srcset=\"http:\/\/esperanzarte.com\/wp-content\/uploads\/2024\/12\/Cartel-Esperanzarte-25-SALESIANOS-723x1024.jpg 723w, http:\/\/esperanzarte.com\/wp-content\/uploads\/2024\/12\/Cartel-Esperanzarte-25-SALESIANOS-212x300.jpg 212w, http:\/\/esperanzarte.com\/wp-content\/uploads\/2024\/12\/Cartel-Esperanzarte-25-SALESIANOS-768x1088.jpg 768w, http:\/\/esperanzarte.com\/wp-content\/uploads\/2024\/12\/Cartel-Esperanzarte-25-SALESIANOS.jpg 842w\" sizes=\"auto, (max-width: 723px) 100vw, 723px\" \/><\/a><\/figure><\/div>\n\n\n<p><strong>Cartel de Agust\u00edn Geric\u00f3:<\/strong><\/p>\n\n\n<div class=\"wp-block-image\">\n<figure class=\"aligncenter size-large\"><a href=\"https:\/\/esperanzarte.com\/wp-content\/uploads\/2025\/01\/Cartel-Esperanzarte-25-AGUSTIN-GERICO.jpg\"><img loading=\"lazy\" decoding=\"async\" width=\"714\" height=\"1024\" src=\"https:\/\/esperanzarte.com\/wp-content\/uploads\/2025\/01\/Cartel-Esperanzarte-25-AGUSTIN-GERICO-714x1024.jpg\" alt=\"\" class=\"wp-image-1724\" srcset=\"http:\/\/esperanzarte.com\/wp-content\/uploads\/2025\/01\/Cartel-Esperanzarte-25-AGUSTIN-GERICO-714x1024.jpg 714w, http:\/\/esperanzarte.com\/wp-content\/uploads\/2025\/01\/Cartel-Esperanzarte-25-AGUSTIN-GERICO-209x300.jpg 209w, http:\/\/esperanzarte.com\/wp-content\/uploads\/2025\/01\/Cartel-Esperanzarte-25-AGUSTIN-GERICO-768x1101.jpg 768w, http:\/\/esperanzarte.com\/wp-content\/uploads\/2025\/01\/Cartel-Esperanzarte-25-AGUSTIN-GERICO.jpg 842w\" sizes=\"auto, (max-width: 714px) 100vw, 714px\" \/><\/a><\/figure><\/div>\n\n\n<p>Cartel del Centro Penitenciario de Daroca:<\/p>\n\n\n<div class=\"wp-block-image\">\n<figure class=\"aligncenter size-full\"><a href=\"https:\/\/esperanzarte.com\/wp-content\/uploads\/2025\/01\/Cartel-Esperanzarte-25-DAROCA.jpg\"><img loading=\"lazy\" decoding=\"async\" width=\"1024\" height=\"728\" src=\"https:\/\/esperanzarte.com\/wp-content\/uploads\/2025\/01\/Cartel-Esperanzarte-25-DAROCA.jpg\" alt=\"\" class=\"wp-image-1737\" srcset=\"http:\/\/esperanzarte.com\/wp-content\/uploads\/2025\/01\/Cartel-Esperanzarte-25-DAROCA.jpg 1024w, http:\/\/esperanzarte.com\/wp-content\/uploads\/2025\/01\/Cartel-Esperanzarte-25-DAROCA-300x213.jpg 300w, http:\/\/esperanzarte.com\/wp-content\/uploads\/2025\/01\/Cartel-Esperanzarte-25-DAROCA-768x546.jpg 768w\" sizes=\"auto, (max-width: 1024px) 100vw, 1024px\" \/><\/a><\/figure><\/div>\n\n\n<p>Cartel de la Parroquia de San Valero:<\/p>\n\n\n<div class=\"wp-block-image\">\n<figure class=\"aligncenter size-large\"><a href=\"https:\/\/esperanzarte.com\/wp-content\/uploads\/2025\/01\/Cartel-EA-25-SAN-VALERO.jpg\"><img loading=\"lazy\" decoding=\"async\" width=\"1024\" height=\"728\" src=\"https:\/\/esperanzarte.com\/wp-content\/uploads\/2025\/01\/Cartel-EA-25-SAN-VALERO-1024x728.jpg\" alt=\"\" class=\"wp-image-1740\" srcset=\"http:\/\/esperanzarte.com\/wp-content\/uploads\/2025\/01\/Cartel-EA-25-SAN-VALERO-1024x728.jpg 1024w, http:\/\/esperanzarte.com\/wp-content\/uploads\/2025\/01\/Cartel-EA-25-SAN-VALERO-300x213.jpg 300w, http:\/\/esperanzarte.com\/wp-content\/uploads\/2025\/01\/Cartel-EA-25-SAN-VALERO-768x546.jpg 768w, http:\/\/esperanzarte.com\/wp-content\/uploads\/2025\/01\/Cartel-EA-25-SAN-VALERO.jpg 1240w\" sizes=\"auto, (max-width: 1024px) 100vw, 1024px\" \/><\/a><figcaption class=\"wp-element-caption\">EA_2024 CP ZUERA<\/figcaption><\/figure><\/div>\n\n\n<p><strong>UNIDADES DID\u00c1CTICAS PARA TRABAJAR ANTES DE LOS CONCIERTOS:<\/strong><\/p>\n\n\n\n<p>Col. Madre Rosa Molas:&nbsp; <strong><a href=\"https:\/\/esperanzarte.com\/wp-content\/uploads\/2025\/01\/Esperanzarte_2025_ACTIVIDAD_didactica_ROSA-MOLAS.pdf\" data-type=\"URL\" data-id=\"https:\/\/esperanzarte.com\/wp-content\/uploads\/2025\/01\/Esperanzarte_2025_ACTIVIDAD_didactica_ROSA-MOLAS.pdf\" target=\"_blank\" rel=\"noreferrer noopener\">DESCARGAR<\/a><\/strong><\/p>\n\n\n\n<p>Colegios de Logro\u00f1o:&nbsp; <strong><a href=\"https:\/\/esperanzarte.com\/wp-content\/uploads\/2025\/01\/Esperanzarte_2025_ACTIVIDAD_didactica_LOGRONO.pdf\" data-type=\"URL\" data-id=\"https:\/\/esperanzarte.com\/wp-content\/uploads\/2025\/01\/Esperanzarte_2025_ACTIVIDAD_didactica_LOGRONO.pdf\" target=\"_blank\" rel=\"noreferrer noopener\">DESCARGAR<\/a><\/strong><\/p>\n\n\n\n<p>Col. Teresianas del Pilar: <strong><a href=\"https:\/\/esperanzarte.com\/wp-content\/uploads\/2025\/01\/Esperanzarte_2025_ACTIVIDAD_didactica_TERESIANAS.pdf\" data-type=\"URL\" data-id=\"https:\/\/esperanzarte.com\/wp-content\/uploads\/2025\/01\/Esperanzarte_2025_ACTIVIDAD_didactica_TERESIANAS.pdf\" target=\"_blank\" rel=\"noreferrer noopener\">DESCARGAR<\/a><\/strong><\/p>\n\n\n\n<p>Col. Salesianos de Zaragoza: <strong><a href=\"https:\/\/esperanzarte.com\/wp-content\/uploads\/2025\/01\/Esperanzarte_2025_ACTIVIDAD_didactica_SALESIANOS.pdf\" data-type=\"URL\" data-id=\"https:\/\/esperanzarte.com\/wp-content\/uploads\/2025\/01\/Esperanzarte_2025_ACTIVIDAD_didactica_SALESIANOS.pdf\" target=\"_blank\" rel=\"noreferrer noopener\">DESCARGAR<\/a><\/strong><\/p>\n\n\n\n<p>Col. Agust\u00edn Geric\u00f3: <strong><a href=\"https:\/\/esperanzarte.com\/wp-content\/uploads\/2025\/01\/Esperanzarte_2025_ACTIVIDAD_didactica_AGUSTIN-GERICO.pdf\" data-type=\"URL\" data-id=\"https:\/\/esperanzarte.com\/wp-content\/uploads\/2025\/01\/Esperanzarte_2025_ACTIVIDAD_didactica_AGUSTIN-GERICO.pdf\" target=\"_blank\" rel=\"noreferrer noopener\">DESCARGAR<\/a><\/strong><\/p>\n","protected":false},"excerpt":{"rendered":"<p>Comenzamos una nueva aventura, con una tanda de conciertos que hemos organizado con nueve colegios durante la cuarta semana de enero con la idea de que quede como una nueva propuesta anual para diversos colegios y parroquias, dado que en la edici\u00f3n de noviembre ya no damos abasto. &nbsp;&nbsp;&nbsp;&nbsp;&nbsp;&nbsp;&nbsp;&nbsp; El tema de esta edici\u00f3n ser\u00e1 &hellip; <a href=\"http:\/\/esperanzarte.com\/?p=1704\" class=\"more-link\">Seguir leyendo <span class=\"screen-reader-text\">EsperanzARTE A\u00f1o Nuevo 2025<\/span> <span class=\"meta-nav\">&rarr;<\/span><\/a><\/p>\n","protected":false},"author":3,"featured_media":1705,"comment_status":"closed","ping_status":"closed","sticky":false,"template":"","format":"standard","meta":{"footnotes":""},"categories":[526,572,571,573,115,574,464,461,460,459,469,582,575,61,46,576,376,584,259,134,583],"tags":[578,227,581,479,475,474,473,478,579,580,21,25,585,577,586],"class_list":["post-1704","post","type-post","status-publish","format-standard","has-post-thumbnail","hentry","category-aisha-ruah","category-ayuntamiento-de-logrono","category-ayuntamiento-de-zaragoza","category-bachillerato-santa-maria-logrono","category-centro-penitenciario-de-zuera","category-colegio-agustin-gerico-zaragoza","category-colegio-agustinas-logrono","category-colegio-escolapias-montal-logrono","category-colegio-escolapias-sotillo-logrono","category-colegio-escolapios-logrono","category-colegio-rosa-molas-zaragoza","category-colegio-salesianos-zaragoza","category-colegios-teresianas-del-pilar-zgz","category-diocesis-de-zaragoza","category-gabriel-gutierrez","category-gerson-perez","category-jano","category-joven-orquesta-de-guitarras-zgz","category-kikote","category-migueli-marin","category-parroquia-de-san-valero-zgz","tag-bachillerato-santa-maria-logrono","tag-centro-penitenciario-de-daroca","tag-colegio-agustin-gerico","tag-colegio-agustinas-logrono","tag-colegio-escolapias-montal-logrono","tag-colegio-escolapias-sotillo-logrono","tag-colegio-escolapios-logrono","tag-colegio-madre-rosa-molas-zgz","tag-colegio-salesianos-zaragoza","tag-colegios-teresianas-del-pilar","tag-esperanzarte","tag-festival-2","tag-joven-orquesta-de-guitarras-zgz","tag-logrono","tag-pedro-andres-perez"],"_links":{"self":[{"href":"http:\/\/esperanzarte.com\/index.php?rest_route=\/wp\/v2\/posts\/1704","targetHints":{"allow":["GET"]}}],"collection":[{"href":"http:\/\/esperanzarte.com\/index.php?rest_route=\/wp\/v2\/posts"}],"about":[{"href":"http:\/\/esperanzarte.com\/index.php?rest_route=\/wp\/v2\/types\/post"}],"author":[{"embeddable":true,"href":"http:\/\/esperanzarte.com\/index.php?rest_route=\/wp\/v2\/users\/3"}],"replies":[{"embeddable":true,"href":"http:\/\/esperanzarte.com\/index.php?rest_route=%2Fwp%2Fv2%2Fcomments&post=1704"}],"version-history":[{"count":13,"href":"http:\/\/esperanzarte.com\/index.php?rest_route=\/wp\/v2\/posts\/1704\/revisions"}],"predecessor-version":[{"id":1745,"href":"http:\/\/esperanzarte.com\/index.php?rest_route=\/wp\/v2\/posts\/1704\/revisions\/1745"}],"wp:featuredmedia":[{"embeddable":true,"href":"http:\/\/esperanzarte.com\/index.php?rest_route=\/wp\/v2\/media\/1705"}],"wp:attachment":[{"href":"http:\/\/esperanzarte.com\/index.php?rest_route=%2Fwp%2Fv2%2Fmedia&parent=1704"}],"wp:term":[{"taxonomy":"category","embeddable":true,"href":"http:\/\/esperanzarte.com\/index.php?rest_route=%2Fwp%2Fv2%2Fcategories&post=1704"},{"taxonomy":"post_tag","embeddable":true,"href":"http:\/\/esperanzarte.com\/index.php?rest_route=%2Fwp%2Fv2%2Ftags&post=1704"}],"curies":[{"name":"wp","href":"https:\/\/api.w.org\/{rel}","templated":true}]}}