{"id":551,"date":"2019-08-31T23:45:10","date_gmt":"2019-08-31T21:45:10","guid":{"rendered":"http:\/\/esperanzarte.com\/?p=551"},"modified":"2019-10-10T08:22:26","modified_gmt":"2019-10-10T06:22:26","slug":"kairy-marquez-en-epila","status":"publish","type":"post","link":"http:\/\/esperanzarte.com\/?p=551","title":{"rendered":"Kairy M\u00e1rquez en \u00c9pila"},"content":{"rendered":"<p>Esta noche ha tenido lugar el \u00c9pila, Zaragoza, el concierto con adoraci\u00f3n eucar\u00edstica de <a href=\"https:\/\/www.kairymarquez.com\/\" target=\"_blank\" rel=\"noopener noreferrer\">Kairy M\u00e1rquez<\/a>, cantante y compositora dominicana residente en Estados Unidos. Ven\u00eda de paso por Arag\u00f3n tras haber participado en\u00a0 el <a href=\"http:\/\/mflaudatosi.com\/\" target=\"_blank\" rel=\"noopener noreferrer\">Multifestival Laudato Si<\/a> de Almer\u00eda.<\/p>\n<p>El evento, organizado por el p\u00e1rroco de \u00c9pila, Eduardo P\u00e9rez Pueyo, nos ha permitido a todos tener una experiencia de adoraci\u00f3n al Se\u00f1or con m\u00fasica cristiana moderna de primer nivel. La Asociaci\u00f3n EsperanzARTE ha apoyado encarg\u00e1ndose del sonido.<\/p>\n<p>\u00a1Gracias, Kayri, a ti y a tu familiar, por tu ministerio! \u00a1Gracias a Liana, tu guitarrista y voz de apoyo, por ese arte maravilloso!<\/p>\n<div class=\"flagallery nivogallery_skin\" id=\"FlaGallery_sc1_47\" ><style type=\"text\/css\" scoped=\"scoped\">@import url('http:\/\/esperanzarte.com\/wp-content\/plugins\/flash-album-gallery\/assets\/nivoslider\/themes\/default\/default.css') all;<\/style><div class=\"slider-wrapper theme-default\" style=\"position: relative;\"> <div class=\"ribbon\"><\/div> <div class=\"flagallery_nivoSlider\" data-settings=\"{&quot;theme&quot;:&quot;default&quot;,&quot;effect&quot;:&quot;random&quot;,&quot;slices&quot;:&quot;15&quot;,&quot;animSpeed&quot;:&quot;500&quot;,&quot;pauseTime&quot;:&quot;5000&quot;,&quot;startSlide&quot;:&quot;0&quot;,&quot;pauseOnHover&quot;:&quot;1&quot;,&quot;directionNav&quot;:&quot;1&quot;,&quot;controlNav&quot;:&quot;1&quot;,&quot;linkTarget&quot;:&quot;0&quot;,&quot;randomStart&quot;:&quot;0&quot;,&quot;key&quot;:&quot;&quot;,&quot;name&quot;:&quot;&quot;,&quot;boxCols&quot;:8,&quot;boxRows&quot;:4,&quot;prevText&quot;:&quot;Prev&quot;,&quot;nextText&quot;:&quot;Next&quot;}\"> <img decoding=\"async\" class=\"noLazy\" alt=\"\" src=\"http:\/\/esperanzarte.com\/wp-content\/flagallery\/concierto-kairy-marquez-epila-2019\/webview\/2019_08_31-509-jys.JPG\"\/><img decoding=\"async\" class=\"noLazy\" alt=\"\" src=\"http:\/\/esperanzarte.com\/wp-content\/flagallery\/concierto-kairy-marquez-epila-2019\/webview\/2019_08_31-515-jys.JPG\"\/><img decoding=\"async\" class=\"noLazy\" alt=\"\" src=\"http:\/\/esperanzarte.com\/wp-content\/flagallery\/concierto-kairy-marquez-epila-2019\/webview\/2019_08_31-525-jys.JPG\"\/><img decoding=\"async\" class=\"noLazy\" alt=\"\" src=\"http:\/\/esperanzarte.com\/wp-content\/flagallery\/concierto-kairy-marquez-epila-2019\/webview\/2019_08_31-527-jys.JPG\"\/><img decoding=\"async\" class=\"noLazy\" alt=\"\" src=\"http:\/\/esperanzarte.com\/wp-content\/flagallery\/concierto-kairy-marquez-epila-2019\/webview\/2019_08_31-532-jys.JPG\"\/><img decoding=\"async\" class=\"noLazy\" alt=\"\" src=\"http:\/\/esperanzarte.com\/wp-content\/flagallery\/concierto-kairy-marquez-epila-2019\/webview\/2019_08_31-533-jys.JPG\"\/><img decoding=\"async\" class=\"noLazy\" alt=\"\" src=\"http:\/\/esperanzarte.com\/wp-content\/flagallery\/concierto-kairy-marquez-epila-2019\/webview\/2019_08_31-538-jys.JPG\"\/><img decoding=\"async\" class=\"noLazy\" alt=\"\" src=\"http:\/\/esperanzarte.com\/wp-content\/flagallery\/concierto-kairy-marquez-epila-2019\/webview\/2019_08_31-539-jys.JPG\"\/><img decoding=\"async\" class=\"noLazy\" alt=\"\" src=\"http:\/\/esperanzarte.com\/wp-content\/flagallery\/concierto-kairy-marquez-epila-2019\/webview\/2019_08_31-542-jys.JPG\"\/><img decoding=\"async\" class=\"noLazy\" alt=\"\" src=\"http:\/\/esperanzarte.com\/wp-content\/flagallery\/concierto-kairy-marquez-epila-2019\/webview\/2019_08_31-543-jys.JPG\"\/><img decoding=\"async\" class=\"noLazy\" alt=\"\" src=\"http:\/\/esperanzarte.com\/wp-content\/flagallery\/concierto-kairy-marquez-epila-2019\/webview\/2019_08_31-546-jys.JPG\"\/><img decoding=\"async\" class=\"noLazy\" alt=\"\" src=\"http:\/\/esperanzarte.com\/wp-content\/flagallery\/concierto-kairy-marquez-epila-2019\/webview\/2019_08_31-551-jys.JPG\"\/><img decoding=\"async\" class=\"noLazy\" alt=\"\" src=\"http:\/\/esperanzarte.com\/wp-content\/flagallery\/concierto-kairy-marquez-epila-2019\/webview\/2019_08_31-555-jys.JPG\"\/><img decoding=\"async\" class=\"noLazy\" alt=\"\" src=\"http:\/\/esperanzarte.com\/wp-content\/flagallery\/concierto-kairy-marquez-epila-2019\/webview\/img-20190809-wa0007.jpg\"\/> <\/div><\/div><\/div><noscript id=\"noscript_FlaGallery_sc1_47\"><img class=\"skip-lazy no-lazyload noLazy\" data-lazy-src=\"\" src =\"http:\/\/esperanzarte.com\/wp-content\/flagallery\/concierto-kairy-marquez-epila-2019\/2019_08_31-509-jys.JPG\" alt=\"\" \/><img class=\"skip-lazy no-lazyload noLazy\" data-lazy-src=\"\" src =\"http:\/\/esperanzarte.com\/wp-content\/flagallery\/concierto-kairy-marquez-epila-2019\/2019_08_31-515-jys.JPG\" alt=\"\" \/><img class=\"skip-lazy no-lazyload noLazy\" data-lazy-src=\"\" src =\"http:\/\/esperanzarte.com\/wp-content\/flagallery\/concierto-kairy-marquez-epila-2019\/2019_08_31-525-jys.JPG\" alt=\"\" \/><img class=\"skip-lazy no-lazyload noLazy\" data-lazy-src=\"\" src =\"http:\/\/esperanzarte.com\/wp-content\/flagallery\/concierto-kairy-marquez-epila-2019\/2019_08_31-527-jys.JPG\" alt=\"\" \/><img class=\"skip-lazy no-lazyload noLazy\" data-lazy-src=\"\" src =\"http:\/\/esperanzarte.com\/wp-content\/flagallery\/concierto-kairy-marquez-epila-2019\/2019_08_31-532-jys.JPG\" alt=\"\" \/><img class=\"skip-lazy no-lazyload noLazy\" data-lazy-src=\"\" src =\"http:\/\/esperanzarte.com\/wp-content\/flagallery\/concierto-kairy-marquez-epila-2019\/2019_08_31-533-jys.JPG\" alt=\"\" \/><img class=\"skip-lazy no-lazyload noLazy\" data-lazy-src=\"\" src =\"http:\/\/esperanzarte.com\/wp-content\/flagallery\/concierto-kairy-marquez-epila-2019\/2019_08_31-538-jys.JPG\" alt=\"\" \/><img class=\"skip-lazy no-lazyload noLazy\" data-lazy-src=\"\" src =\"http:\/\/esperanzarte.com\/wp-content\/flagallery\/concierto-kairy-marquez-epila-2019\/2019_08_31-539-jys.JPG\" alt=\"\" \/><img class=\"skip-lazy no-lazyload noLazy\" data-lazy-src=\"\" src =\"http:\/\/esperanzarte.com\/wp-content\/flagallery\/concierto-kairy-marquez-epila-2019\/2019_08_31-542-jys.JPG\" alt=\"\" \/><img class=\"skip-lazy no-lazyload noLazy\" data-lazy-src=\"\" src =\"http:\/\/esperanzarte.com\/wp-content\/flagallery\/concierto-kairy-marquez-epila-2019\/2019_08_31-543-jys.JPG\" alt=\"\" \/><img class=\"skip-lazy no-lazyload noLazy\" data-lazy-src=\"\" src =\"http:\/\/esperanzarte.com\/wp-content\/flagallery\/concierto-kairy-marquez-epila-2019\/2019_08_31-546-jys.JPG\" alt=\"\" \/><img class=\"skip-lazy no-lazyload noLazy\" data-lazy-src=\"\" src =\"http:\/\/esperanzarte.com\/wp-content\/flagallery\/concierto-kairy-marquez-epila-2019\/2019_08_31-551-jys.JPG\" alt=\"\" \/><img class=\"skip-lazy no-lazyload noLazy\" data-lazy-src=\"\" src =\"http:\/\/esperanzarte.com\/wp-content\/flagallery\/concierto-kairy-marquez-epila-2019\/2019_08_31-555-jys.JPG\" alt=\"\" \/><img class=\"skip-lazy no-lazyload noLazy\" data-lazy-src=\"\" src =\"http:\/\/esperanzarte.com\/wp-content\/flagallery\/concierto-kairy-marquez-epila-2019\/img-20190809-wa0007.jpg\" alt=\"\" \/><\/noscript>\n","protected":false},"excerpt":{"rendered":"<p>Esta noche ha tenido lugar el \u00c9pila, Zaragoza, el concierto con adoraci\u00f3n eucar\u00edstica de Kairy M\u00e1rquez, cantante y compositora dominicana residente en Estados Unidos. Ven\u00eda de paso por Arag\u00f3n tras haber participado en\u00a0 el Multifestival Laudato Si de Almer\u00eda. El evento, organizado por el p\u00e1rroco de \u00c9pila, Eduardo P\u00e9rez Pueyo, nos ha permitido a todos &hellip; <a href=\"http:\/\/esperanzarte.com\/?p=551\" class=\"more-link\">Seguir leyendo <span class=\"screen-reader-text\">Kairy M\u00e1rquez en \u00c9pila<\/span> <span class=\"meta-nav\">&rarr;<\/span><\/a><\/p>\n","protected":false},"author":2,"featured_media":564,"comment_status":"closed","ping_status":"closed","sticky":false,"template":"","format":"standard","meta":{"footnotes":""},"categories":[8,61,254,253],"tags":[36,256,255,257],"class_list":["post-551","post","type-post","status-publish","format-standard","has-post-thumbnail","hentry","category-conciertos","category-diocesis-de-zaragoza","category-kairy-marquez","category-parroquia-de-epila","tag-asociacion-esperanzarte","tag-eduardo-perez-pueyo","tag-kairy-marquez","tag-parroquia-de-epila"],"_links":{"self":[{"href":"http:\/\/esperanzarte.com\/index.php?rest_route=\/wp\/v2\/posts\/551","targetHints":{"allow":["GET"]}}],"collection":[{"href":"http:\/\/esperanzarte.com\/index.php?rest_route=\/wp\/v2\/posts"}],"about":[{"href":"http:\/\/esperanzarte.com\/index.php?rest_route=\/wp\/v2\/types\/post"}],"author":[{"embeddable":true,"href":"http:\/\/esperanzarte.com\/index.php?rest_route=\/wp\/v2\/users\/2"}],"replies":[{"embeddable":true,"href":"http:\/\/esperanzarte.com\/index.php?rest_route=%2Fwp%2Fv2%2Fcomments&post=551"}],"version-history":[{"count":9,"href":"http:\/\/esperanzarte.com\/index.php?rest_route=\/wp\/v2\/posts\/551\/revisions"}],"predecessor-version":[{"id":601,"href":"http:\/\/esperanzarte.com\/index.php?rest_route=\/wp\/v2\/posts\/551\/revisions\/601"}],"wp:featuredmedia":[{"embeddable":true,"href":"http:\/\/esperanzarte.com\/index.php?rest_route=\/wp\/v2\/media\/564"}],"wp:attachment":[{"href":"http:\/\/esperanzarte.com\/index.php?rest_route=%2Fwp%2Fv2%2Fmedia&parent=551"}],"wp:term":[{"taxonomy":"category","embeddable":true,"href":"http:\/\/esperanzarte.com\/index.php?rest_route=%2Fwp%2Fv2%2Fcategories&post=551"},{"taxonomy":"post_tag","embeddable":true,"href":"http:\/\/esperanzarte.com\/index.php?rest_route=%2Fwp%2Fv2%2Ftags&post=551"}],"curies":[{"name":"wp","href":"https:\/\/api.w.org\/{rel}","templated":true}]}}