{"id":815,"date":"2021-10-22T18:32:06","date_gmt":"2021-10-22T16:32:06","guid":{"rendered":"https:\/\/esperanzarte.com\/?p=815"},"modified":"2021-11-07T22:10:07","modified_gmt":"2021-11-07T20:10:07","slug":"esperanzarte-2021","status":"publish","type":"post","link":"http:\/\/esperanzarte.com\/?p=815","title":{"rendered":"EsperanzARTE 2021"},"content":{"rendered":"<p>El Festival EsperanzARTE volver\u00e1 a tener su edici\u00f3n anual, Dios mediante, del <strong>17 al 21 de noviembre<\/strong> de 2021.\u00a0 Se cumplen 17 a\u00f1os de este evento que ha pretendido desde sus inicios dar a conocer el arte cristiano actual en sus dimensiones espirituales, evang\u00e9licas, solidarias y sociales y ha conseguido situarse entre los festivales m\u00e1s importantes de Espa\u00f1a en su g\u00e9nero.<\/p>\n<p>Este a\u00f1o el lema ser\u00e1 \u00ab<strong><em>Cuidadanos<\/em><\/strong><strong> del Mundo\u201d<\/strong>. El festival, dada la situaci\u00f3n de la pandemia, la crisis clim\u00e1tica y el reciente desastre natural del volc\u00e1n de la isla de La Palma, se hace eco de la llamada del Papa Francisco a cuidar la Casa Com\u00fan y a cuidarnos mutuamente.<\/p>\n<p>El EsperanzARTE, desde sus inicios, busca crear un espacio de esperanza y fe, fomentar el di\u00e1logo ecum\u00e9nico con otros cristianos, promover la creatividad del nuevo arte cristiano y apoyar diversos proyectos solidarios. En esta ocasi\u00f3n se ayudar\u00e1 a <strong>C\u00e1ritas<\/strong>, la fundaci\u00f3n<a href=\"https:\/\/www.ayudaalaiglesianecesitada.org\/\" target=\"_blank\" rel=\"noopener\"> <strong>Ayuda a la Iglesia Necesitada<\/strong> <\/a>y la ONG <a href=\"https:\/\/www.itakaescolapios.org\/\" target=\"_blank\" rel=\"noopener\"><strong>Itaka Escolapios<\/strong><\/a>.<\/p>\n<p>El EA 2021 se inaugurar\u00e1 el <strong>mi\u00e9rcoles 17 de noviembre<\/strong> con una conferencia abierta en la Casa de la Iglesia de Zaragoza impartida a las 19 horas por <strong>Jos\u00e9 Laguna<\/strong> <strong>Matute<\/strong>, autor de <a href=\"https:\/\/www.ppc-editorial.com\/libro\/cuidadania\" target=\"_blank\" rel=\"noopener\"><em>Cuidadan\u00eda: Del contrato social al pacto de cuidados<\/em><\/a>, libro recientemente publicado por la editorial PPC. (Si quer\u00e9is asistir, por favor, reservad plaza para esta conferencia gratuita en <strong><a href=\"https:\/\/forms.gle\/qRf3ZyP1yyrSzKpU8\" target=\"_blank\" rel=\"noopener\">RESERVAR CONFERENCIA<\/a><\/strong>).<\/p>\n<p>En esta edici\u00f3n, a lo largo de sus diecinueve conciertos, ir\u00e1n participando los siguientes artistas: <strong><a href=\"https:\/\/migueli.com\/\" target=\"_blank\" rel=\"noopener\">Migueli Mar\u00edn<\/a>,<\/strong> cantautor extreme\u00f1o de gran sensibilidad social y capacidad de conexi\u00f3n con el p\u00fablico joven, cuyas canciones siempre nos han sonado a vida, compasi\u00f3n y ternura;<a href=\"https:\/\/mariavasan.com\/\" target=\"_blank\" rel=\"noopener\"><strong> Mar\u00eda Vas\u00e1n<\/strong><\/a>, cantautora manchega de la nueva generaci\u00f3n de j\u00f3venes artistas cat\u00f3licos; <a href=\"https:\/\/www.facebook.com\/EcosdelCierzoOficial\/\" target=\"_blank\" rel=\"noopener\"><strong><em>Ecos del Cierzo<\/em><\/strong><\/a>, joven banda de rock zaragozana;\u00a0<a href=\"https:\/\/www.facebook.com\/javisanchez66\/\" target=\"_blank\" rel=\"noopener\"><strong>Javi S\u00e1nchez<\/strong><\/a>, sacerdote y cantautor cuyas canciones intentan ser una invitaci\u00f3n para mirar m\u00e1s all\u00e1 de los que los ojos captan a primera vista; <a href=\"https:\/\/unajarradebarro.wordpress.com\/\" target=\"_blank\" rel=\"noopener\"><strong>Jos\u00e9 Luis Rubio<\/strong><\/a>, m\u00fasico valenciano que lleva con su grupo el evangelio de parroquia en parroquia; <a href=\"https:\/\/esperanzarte.com\/?cat=140\" target=\"_blank\" rel=\"noopener\"><strong>Ana Gaud\u00f3<\/strong><\/a>, maestra, cantante y animadora infantil; <a href=\"https:\/\/ssperezayala.blogspot.com\/\" target=\"_blank\" rel=\"noopener\"><strong>Samuel P\u00e9rez Ayala<\/strong><\/a>, sacerdote y cantante venezolano de la di\u00f3cesis de Zaragoza con gran compromiso en la acogida de los inmigrantes; <a href=\"https:\/\/www.facebook.com\/gabriel.gutierrezpablo\" target=\"_blank\" rel=\"noopener\"><strong>Kikote<\/strong> <\/a>(Gabriel Guti\u00e9rrez), clown y c\u00f3mico aragon\u00e9s que nos hace sonre\u00edr con escenas del evangelio; <a href=\"https:\/\/produccioneskinser.es\/artistas-circo-eventos\/\" target=\"_blank\" rel=\"noopener\"><strong>Jano<\/strong><\/a>, payaso que nos deleitar\u00e1 con sus bromas llenas de sabidur\u00eda y ternura; <a href=\"http:\/\/alcierzo.com\/\"><strong>Juan Yzuel<\/strong><\/a>, cantautor aragon\u00e9s y presidente de EsperanzARTE; el <strong>Coro Diocesano de Teruel<\/strong>, con j\u00f3venes voces que quieren llenar de vida su catedral; el <a href=\"https:\/\/www.youtube.com\/channel\/UCAkmkJ-1jdVm9I2D9H3o5gw\" target=\"_blank\" rel=\"noopener\"><strong>Coro Cristo Rey<\/strong><\/a>, ni\u00f1os y ni\u00f1as de este colegio que acoge el festival; otros coros y artistas\u2026<\/p>\n<p>Los conciertos tendr\u00e1n lugar en el Colegio Cristo Rey Escolapios de Zaragoza, la catedral de Teruel, la c\u00e1rcel de Zuera, la parroquia de Valdespartera, la Fundaci\u00f3n Itaka-Escolapios, el centro del Proyecto Hombre de Zaragoza\u2026 En ellos se pretende llegar a m\u00e1s de 4.000 personas de todas las edades con un mensaje de fe, esperanza y compromiso con el cuidado de uno mismo, del otro y del planeta desde una perspectiva evang\u00e9lica. En las di\u00f3cesis de Teruel y Zaragoza se quiere apoyar la celebraci\u00f3n de la Jornada Mundial de la Juventud, propuesta por el Papa Francisco para la fiesta de Cristo Rey, domingo 21 de noviembre.<\/p>\n<p>La entrada a los conciertos abiertos al p\u00fablico ser\u00e1 libre. Se pedir\u00e1 una aportaci\u00f3n voluntaria a quien desee apoyar los proyectos solidarios, el ministerio de los artistas y la labor de EsperanzARTE.<\/p>\n<p>Como gran novedad, esta edici\u00f3n servir\u00e1 para lanzar el <strong>I Certamen de V\u00eddeo EsperanzARTE<\/strong>, que nace como una apuesta creativa para llegar a un p\u00fablico infantil y juvenil con propuestas audiovisuales que utilicen lenguajes y canales que ellos conocen y utilizan con frecuencia. Intentar\u00e1 dar la voz a los m\u00e1s j\u00f3venes para que ellos mismos transmitan los valores del evangelio y presenten la persona de Jes\u00fas a otros chavales. Los detalles de esta propuesta se ir\u00e1n dando en las pr\u00f3ximas semanas.<\/p>\n<p>Esta informaci\u00f3n se ir\u00e1 actualizando en nuestra p\u00e1gina web (<a href=\"http:\/\/www.esperanzarte.com\/\"><strong>www.esperanzarte.com<\/strong><\/a>).<\/p>\n","protected":false},"excerpt":{"rendered":"<p>El Festival EsperanzARTE volver\u00e1 a tener su edici\u00f3n anual, Dios mediante, del 17 al 21 de noviembre de 2021.\u00a0 Se cumplen 17 a\u00f1os de este evento que ha pretendido desde sus inicios dar a conocer el arte cristiano actual en sus dimensiones espirituales, evang\u00e9licas, solidarias y sociales y ha conseguido situarse entre los festivales m\u00e1s &hellip; <a href=\"http:\/\/esperanzarte.com\/?p=815\" class=\"more-link\">Seguir leyendo <span class=\"screen-reader-text\">EsperanzARTE 2021<\/span> <span class=\"meta-nav\">&rarr;<\/span><\/a><\/p>\n","protected":false},"author":2,"featured_media":603,"comment_status":"closed","ping_status":"closed","sticky":false,"template":"","format":"standard","meta":{"footnotes":""},"categories":[140,115,56,133,375,61,46,376,92,380,23,259,378,134,379],"tags":[143,381,137,399,407,97,396,85,73,400,136,181,401],"class_list":["post-815","post","type-post","status-publish","format-standard","has-post-thumbnail","hentry","category-ana-gaudo","category-centro-penitenciario-de-zuera","category-colegio-cristo-rey-escolapios-zaragoza","category-coro-colegio-cristo-rey-escolapios","category-diocesis-de-teruel","category-diocesis-de-zaragoza","category-gabriel-gutierrez","category-jano","category-javi-sanchez","category-jose-luis-rubio","category-juan-yzuel","category-kikote","category-maria-vasan","category-migueli-marin","category-samuel-perez-ayala","tag-ana-gaudo","tag-certamen-de-video-esperanzarte","tag-coro-colegio-cristo-rey-escolapios","tag-coro-diocesano-de-teruel","tag-jano","tag-javi-sanchez","tag-jose-luis-rubio","tag-juan-yzuel","tag-kikote","tag-maria-vasan","tag-migueli-marin","tag-parroquia-valdespartera","tag-samuel-perez-ayala"],"_links":{"self":[{"href":"http:\/\/esperanzarte.com\/index.php?rest_route=\/wp\/v2\/posts\/815","targetHints":{"allow":["GET"]}}],"collection":[{"href":"http:\/\/esperanzarte.com\/index.php?rest_route=\/wp\/v2\/posts"}],"about":[{"href":"http:\/\/esperanzarte.com\/index.php?rest_route=\/wp\/v2\/types\/post"}],"author":[{"embeddable":true,"href":"http:\/\/esperanzarte.com\/index.php?rest_route=\/wp\/v2\/users\/2"}],"replies":[{"embeddable":true,"href":"http:\/\/esperanzarte.com\/index.php?rest_route=%2Fwp%2Fv2%2Fcomments&post=815"}],"version-history":[{"count":8,"href":"http:\/\/esperanzarte.com\/index.php?rest_route=\/wp\/v2\/posts\/815\/revisions"}],"predecessor-version":[{"id":1025,"href":"http:\/\/esperanzarte.com\/index.php?rest_route=\/wp\/v2\/posts\/815\/revisions\/1025"}],"wp:featuredmedia":[{"embeddable":true,"href":"http:\/\/esperanzarte.com\/index.php?rest_route=\/wp\/v2\/media\/603"}],"wp:attachment":[{"href":"http:\/\/esperanzarte.com\/index.php?rest_route=%2Fwp%2Fv2%2Fmedia&parent=815"}],"wp:term":[{"taxonomy":"category","embeddable":true,"href":"http:\/\/esperanzarte.com\/index.php?rest_route=%2Fwp%2Fv2%2Fcategories&post=815"},{"taxonomy":"post_tag","embeddable":true,"href":"http:\/\/esperanzarte.com\/index.php?rest_route=%2Fwp%2Fv2%2Ftags&post=815"}],"curies":[{"name":"wp","href":"https:\/\/api.w.org\/{rel}","templated":true}]}}