{"id":1186,"date":"2022-01-01T19:33:28","date_gmt":"2022-01-01T17:33:28","guid":{"rendered":"https:\/\/esperanzarte.com\/?p=1186"},"modified":"2023-01-10T20:28:26","modified_gmt":"2023-01-10T18:28:26","slug":"transparencia-2022-tiempo-de-dar-gracias","status":"publish","type":"post","link":"https:\/\/esperanzarte.com\/?p=1186","title":{"rendered":"Transparencia 2022 &#8211; Tiempo de dar gracias"},"content":{"rendered":"<p>Gracias a nuestros patrocinadores, colegios, parroquias y p\u00fablico en general, tras pagar todos los gastos, hemos podido entregar <strong><span style=\"color: #ff0000;\"><span style=\"color: #993300;\">1.382,5<\/span> \u20ac<\/span><\/strong> a los proyectos que quer\u00edamos apoyar con el Festival EsperanzARTE 2021:<\/p>\n<ul>\n<li><strong>1.032,5 \u20ac<\/strong> a <span style=\"color: #993300;\"><strong>C\u00e1ritas Diocesana de Teruel<\/strong><\/span>, para los damnificados por el volc\u00e1n de la Palma;<\/li>\n<li><strong>250 \u20ac<\/strong> a la <span style=\"color: #993300;\"><strong>Fundaci\u00f3n Itaka-Escolapios<\/strong><\/span> para apoyar las escuelas de Venezuela, donde muchos maestros est\u00e1n dejando el aula para poder trabajar la tierra y comer;<\/li>\n<li><strong>100 \u20ac<\/strong> a <span style=\"color: #993300;\"><strong>Ayuda a la Iglesia Necesitada<\/strong><\/span>.<\/li>\n<\/ul>\n<p>Adem\u00e1s de las colectas que se recogieron en los conciertos abiertos, recibimos dos donativos a trav\u00e9s de <strong>Bizum<\/strong> que declaramos aqu\u00ed:<\/p>\n<ul>\n<li>MAAL &#8211; 50 \u20ac<\/li>\n<li>CG &#8211; 30 \u20ac<\/li>\n<\/ul>\n<p>Finalmente, tenemos que agradecer el trabajo de todos los artistas, los presentadores, los t\u00e9cnico de sonido (<strong>Fran Palacios<\/strong> y los t\u00e9cnicos de <strong>Audiopro Mud\u00e9jar<\/strong> de Teruel), el t\u00e9cnico de v\u00eddeo (<strong>Jacob Roncal\u00e9s<\/strong>) y los voluntarios que ayudaron en cada concierto.<\/p>\n<p>Por otro lado, nada de esto ser\u00eda posible sin el apoyo integral del <strong>Colegio Cristo Rey Escolapios<\/strong> y el patrocinio generoso de la Editorial <strong>Santillana<\/strong>, la Fundaci\u00f3n <strong>SM<\/strong>, el grupo de transportes <strong>Avanza-Alosa<\/strong>, <strong>Seruni\u00f3n, Panishop, <\/strong>el <strong>APA<\/strong> del Colegio Cristo Rey, el <strong>Movimiento Calasanz<\/strong>, la <strong>Di\u00f3cesis de Teruel<\/strong> y la <strong>Parroquia de Valdespartera<\/strong>. Juntos hemos hecho realidad el sue\u00f1o de volver a los escenarios con el mensaje evang\u00e9lico a pesar de los inconvenientes de la pandemia.<\/p>\n<p>No olvidamos a los medios de comunicaci\u00f3n que se han hecho eco de nuestro festival. He aqu\u00ed algunos de ellos:<\/p>\n<ul>\n<li>Buenas Noticias: <a href=\"https:\/\/zaragozabuenasnoticias.com\/2021\/11\/20\/arte-cristiano-actual-en-el-festival-esperanzarte-2021\/\" target=\"_blank\" rel=\"noopener\">\u00a0Arte Cristiano actual en el Festival \u201cEsperanzarte 2021\u201d &#8211; Zaragoza Buenas Noticias<\/a><\/li>\n<li>Eclesalia: <a href=\"https:\/\/eclesalia.net\/2021\/11\/16\/17-esperanzarte\/\" target=\"_blank\" rel=\"noopener\">17 Esperanzarte \u2013 ecleSALia informativo<\/a><\/li>\n<li>Iglesia en Arag\u00f3n: <a href=\"https:\/\/www.iglesiaenaragon.com\/el-festival-esperanzarte-2021-se-abre-este-miercoles-en-zaragoza-con-una-propuesta-de-18-conciertos\" target=\"_blank\" rel=\"noopener\">El Festival EsperanzARTE 2021 se abre este mi\u00e9rcoles en Zaragoza con una propuesta de 18 conciertos<\/a><\/li>\n<li>Iglesia en Teruel:<\/li>\n<\/ul>\n<p><a href=\"http:\/\/esperanzarte.com\/wp-content\/uploads\/2022\/01\/Caritas-de-Teruel.jpeg\"><img loading=\"lazy\" decoding=\"async\" class=\"alignnone size-medium wp-image-1187\" src=\"http:\/\/esperanzarte.com\/wp-content\/uploads\/2022\/01\/Caritas-de-Teruel-169x300.jpeg\" alt=\"\" width=\"169\" height=\"300\" srcset=\"https:\/\/esperanzarte.com\/wp-content\/uploads\/2022\/01\/Caritas-de-Teruel-169x300.jpeg 169w, https:\/\/esperanzarte.com\/wp-content\/uploads\/2022\/01\/Caritas-de-Teruel-576x1024.jpeg 576w, https:\/\/esperanzarte.com\/wp-content\/uploads\/2022\/01\/Caritas-de-Teruel-768x1365.jpeg 768w, https:\/\/esperanzarte.com\/wp-content\/uploads\/2022\/01\/Caritas-de-Teruel-864x1536.jpeg 864w, https:\/\/esperanzarte.com\/wp-content\/uploads\/2022\/01\/Caritas-de-Teruel.jpeg 1152w\" sizes=\"auto, (max-width: 169px) 100vw, 169px\" \/><\/a><\/p>\n<ul>\n<li>Iglesia en Zaragoza: \u00a0\u00a0 \u00a0<a href=\"http:\/\/esperanzarte.com\/wp-content\/uploads\/2022\/01\/ZA211128.pdf\" target=\"_blank\" rel=\"noopener\">ZA211128<\/a><\/li>\n<\/ul>\n<p>&nbsp;<\/p>\n","protected":false},"excerpt":{"rendered":"<p>Gracias a nuestros patrocinadores, colegios, parroquias y p\u00fablico en general, tras pagar todos los gastos, hemos podido entregar 1.382,5 \u20ac a los proyectos que quer\u00edamos apoyar con el Festival EsperanzARTE 2021: 1.032,5 \u20ac a C\u00e1ritas Diocesana de Teruel, para los damnificados por el volc\u00e1n de la Palma; 250 \u20ac a la Fundaci\u00f3n Itaka-Escolapios para apoyar &hellip; <a href=\"https:\/\/esperanzarte.com\/?p=1186\" class=\"more-link\">Seguir leyendo <span class=\"screen-reader-text\">Transparencia 2022 &#8211; Tiempo de dar gracias<\/span> <span class=\"meta-nav\">&rarr;<\/span><\/a><\/p>\n","protected":false},"author":2,"featured_media":1188,"comment_status":"closed","ping_status":"closed","sticky":false,"template":"","format":"standard","meta":{"footnotes":""},"categories":[417,11,279,216,69,133,375,61,410,277,276,393,5,416,46,116,360,376,92,23,378,134,413,160,295,379,356,281,10,117],"tags":[418,420,285,218,71,366,282,419,118,364,283,286,212],"class_list":["post-1186","post","type-post","status-publish","format-standard","has-post-thumbnail","hentry","category-ampa-cristo-rey","category-asociacion","category-avanza-alosa","category-ayuda-a-la-iglesia-necesitada","category-caritas","category-coro-colegio-cristo-rey-escolapios","category-diocesis-de-teruel","category-diocesis-de-zaragoza","category-ecos-del-cierzo","category-editorial-santillana","category-editorial-sm","category-festival-ea-teruel","category-festival-ea-zaragoza","category-fran-palacios","category-gabriel-gutierrez","category-itaka-escolapios","category-jacob-roncales","category-jano","category-javi-sanchez","category-juan-yzuel","category-maria-vasan","category-migueli-marin","category-pablo-yzuel","category-parroquia-de-valdespartera-zaragoza","category-pepe-laguna","category-samuel-perez-ayala","category-sara-yzuel","category-serunion-patrocinadores-2","category-solidaridad","category-transparencia","tag-ampa-cristo-rey","tag-audiopro-mudejar","tag-avanza-alosa","tag-ayuda-a-la-iglesia-necesitada","tag-caritas","tag-donaciones","tag-editorial-sm","tag-fran-palacios","tag-itaka-escolapios","tag-jacob-roncales","tag-santillana","tag-serunion","tag-transparencia"],"_links":{"self":[{"href":"https:\/\/esperanzarte.com\/index.php?rest_route=\/wp\/v2\/posts\/1186","targetHints":{"allow":["GET"]}}],"collection":[{"href":"https:\/\/esperanzarte.com\/index.php?rest_route=\/wp\/v2\/posts"}],"about":[{"href":"https:\/\/esperanzarte.com\/index.php?rest_route=\/wp\/v2\/types\/post"}],"author":[{"embeddable":true,"href":"https:\/\/esperanzarte.com\/index.php?rest_route=\/wp\/v2\/users\/2"}],"replies":[{"embeddable":true,"href":"https:\/\/esperanzarte.com\/index.php?rest_route=%2Fwp%2Fv2%2Fcomments&post=1186"}],"version-history":[{"count":5,"href":"https:\/\/esperanzarte.com\/index.php?rest_route=\/wp\/v2\/posts\/1186\/revisions"}],"predecessor-version":[{"id":1251,"href":"https:\/\/esperanzarte.com\/index.php?rest_route=\/wp\/v2\/posts\/1186\/revisions\/1251"}],"wp:featuredmedia":[{"embeddable":true,"href":"https:\/\/esperanzarte.com\/index.php?rest_route=\/wp\/v2\/media\/1188"}],"wp:attachment":[{"href":"https:\/\/esperanzarte.com\/index.php?rest_route=%2Fwp%2Fv2%2Fmedia&parent=1186"}],"wp:term":[{"taxonomy":"category","embeddable":true,"href":"https:\/\/esperanzarte.com\/index.php?rest_route=%2Fwp%2Fv2%2Fcategories&post=1186"},{"taxonomy":"post_tag","embeddable":true,"href":"https:\/\/esperanzarte.com\/index.php?rest_route=%2Fwp%2Fv2%2Ftags&post=1186"}],"curies":[{"name":"wp","href":"https:\/\/api.w.org\/{rel}","templated":true}]}}