{"id":1267,"date":"2022-05-25T08:08:15","date_gmt":"2022-05-25T06:08:15","guid":{"rendered":"https:\/\/esperanzarte.com\/?p=1267"},"modified":"2022-05-31T08:14:30","modified_gmt":"2022-05-31T06:14:30","slug":"prolongamos-la-fecha-del-certamen-de-video","status":"publish","type":"post","link":"https:\/\/esperanzarte.com\/?p=1267","title":{"rendered":"Prolongamos la fecha del Certamen de V\u00eddeo"},"content":{"rendered":"<p>Dado que muchos y muchas nos hab\u00e9is dicho que os lleg\u00f3 muy tarde la informaci\u00f3n del <strong><a href=\"https:\/\/esperanzarte.com\/?p=1245\">I Certamen EsperanzARTE de V\u00eddeo Cristiano<\/a><\/strong>, el jurado ha decidido <strong>prolongarlo para que cubra el pr\u00f3ximo curso<\/strong>, de forma que todos tengan tiempo suficiente para incluir esta actividad pedag\u00f3gica en su planificaci\u00f3n did\u00e1ctica o pastoral.<\/p>\n<p>La nueva fecha final ser\u00e1 el <strong>31 de marzo de 2023<\/strong>. Adem\u00e1s incluir\u00e1 <strong>una nueva categor\u00eda para el III Ciclo de Primaria <\/strong>y haremos una p\u00e1gina que plantee una <strong>hoja de ruta<\/strong> para hacer bien todo el proceso de creaci\u00f3n, grabaci\u00f3n y producci\u00f3n de un cortometraje que ayude a los chavales que se est\u00e1n iniciando.<\/p>\n<p>Queremos dar las gracias a quienes ya han presentado sus v\u00eddeos al certamen, todos los que se han apresurado a preparar proyectos con ilusi\u00f3n.\u00a0 \u00a1Ya est\u00e1is en el bombo!<\/p>\n<p>\u00a1Mucho \u00e1nimo al resto! Luces, c\u00e1mara&#8230; \u00a1acci\u00f3n!<\/p>\n","protected":false},"excerpt":{"rendered":"<p>Dado que muchos y muchas nos hab\u00e9is dicho que os lleg\u00f3 muy tarde la informaci\u00f3n del I Certamen EsperanzARTE de V\u00eddeo Cristiano, el jurado ha decidido prolongarlo para que cubra el pr\u00f3ximo curso, de forma que todos tengan tiempo suficiente para incluir esta actividad pedag\u00f3gica en su planificaci\u00f3n did\u00e1ctica o pastoral. La nueva fecha final &hellip; <a href=\"https:\/\/esperanzarte.com\/?p=1267\" class=\"more-link\">Seguir leyendo <span class=\"screen-reader-text\">Prolongamos la fecha del Certamen de V\u00eddeo<\/span> <span class=\"meta-nav\">&rarr;<\/span><\/a><\/p>\n","protected":false},"author":2,"featured_media":1274,"comment_status":"closed","ping_status":"closed","sticky":false,"template":"","format":"standard","meta":{"footnotes":""},"categories":[424],"tags":[428,381],"class_list":["post-1267","post","type-post","status-publish","format-standard","has-post-thumbnail","hentry","category-certamen-de-video","tag-428","tag-certamen-de-video-esperanzarte"],"_links":{"self":[{"href":"https:\/\/esperanzarte.com\/index.php?rest_route=\/wp\/v2\/posts\/1267","targetHints":{"allow":["GET"]}}],"collection":[{"href":"https:\/\/esperanzarte.com\/index.php?rest_route=\/wp\/v2\/posts"}],"about":[{"href":"https:\/\/esperanzarte.com\/index.php?rest_route=\/wp\/v2\/types\/post"}],"author":[{"embeddable":true,"href":"https:\/\/esperanzarte.com\/index.php?rest_route=\/wp\/v2\/users\/2"}],"replies":[{"embeddable":true,"href":"https:\/\/esperanzarte.com\/index.php?rest_route=%2Fwp%2Fv2%2Fcomments&post=1267"}],"version-history":[{"count":6,"href":"https:\/\/esperanzarte.com\/index.php?rest_route=\/wp\/v2\/posts\/1267\/revisions"}],"predecessor-version":[{"id":1275,"href":"https:\/\/esperanzarte.com\/index.php?rest_route=\/wp\/v2\/posts\/1267\/revisions\/1275"}],"wp:featuredmedia":[{"embeddable":true,"href":"https:\/\/esperanzarte.com\/index.php?rest_route=\/wp\/v2\/media\/1274"}],"wp:attachment":[{"href":"https:\/\/esperanzarte.com\/index.php?rest_route=%2Fwp%2Fv2%2Fmedia&parent=1267"}],"wp:term":[{"taxonomy":"category","embeddable":true,"href":"https:\/\/esperanzarte.com\/index.php?rest_route=%2Fwp%2Fv2%2Fcategories&post=1267"},{"taxonomy":"post_tag","embeddable":true,"href":"https:\/\/esperanzarte.com\/index.php?rest_route=%2Fwp%2Fv2%2Ftags&post=1267"}],"curies":[{"name":"wp","href":"https:\/\/api.w.org\/{rel}","templated":true}]}}