{"id":224,"date":"2016-10-16T23:18:58","date_gmt":"2016-10-16T21:18:58","guid":{"rendered":"http:\/\/esperanzarte.com\/?p=224"},"modified":"2016-10-16T23:53:10","modified_gmt":"2016-10-16T21:53:10","slug":"festival-esperanzarte-2016","status":"publish","type":"post","link":"https:\/\/esperanzarte.com\/?p=224","title":{"rendered":"Festival EsperanzARTE 2016"},"content":{"rendered":"<p><a href=\"http:\/\/esperanzarte.com\/wp-content\/uploads\/2016\/10\/poster_esperanzarte_2016-ZARAGOZA.jpg\"><img loading=\"lazy\" decoding=\"async\" class=\"size-medium wp-image-234 alignleft\" src=\"http:\/\/esperanzarte.com\/wp-content\/uploads\/2016\/10\/poster_esperanzarte_2016-ZARAGOZA-208x300.jpg\" alt=\"poster_esperanzarte_2016-zaragoza\" width=\"208\" height=\"300\" srcset=\"https:\/\/esperanzarte.com\/wp-content\/uploads\/2016\/10\/poster_esperanzarte_2016-ZARAGOZA-208x300.jpg 208w, https:\/\/esperanzarte.com\/wp-content\/uploads\/2016\/10\/poster_esperanzarte_2016-ZARAGOZA-768x1107.jpg 768w, https:\/\/esperanzarte.com\/wp-content\/uploads\/2016\/10\/poster_esperanzarte_2016-ZARAGOZA-711x1024.jpg 711w, https:\/\/esperanzarte.com\/wp-content\/uploads\/2016\/10\/poster_esperanzarte_2016-ZARAGOZA-300x432.jpg 300w\" sizes=\"auto, (max-width: 208px) 100vw, 208px\" \/><\/a>El Festival EsperanzARTE (EA) volver\u00e1 a tener su edici\u00f3n anual del 10 al 12 de noviembre. Este a\u00f1o cumple 12 a\u00f1os este evento que, desde sus comienzos, ha pretendido dar a conocer el arte cristiano actual en sus dimensiones espirituales, sociales y solidarias.<\/p>\n<p>El tema del EA de este a\u00f1o ser\u00e1 \u00abMisericordia\u00bb, en respuesta a la convocatoria por parte del Papa Francisco del A\u00f1o de la Misericordia para recordar a toda la Iglesia y la gran Familia Humana que el amor se vive diariamente dando respuesta a las necesidades materiales y espirituales de cada hermano y hermana.<\/p>\n<p>Esta edici\u00f3n, a lo largo de sus once conciertos en Zaragoza y Zuera, contar\u00e1 entre otros con los siguientes artistas: <strong>Migueli Mar\u00edn<\/strong>, cantautor extreme\u00f1o afincado en Madrid y con una larga trayectoria de canci\u00f3n social y evang\u00e9lica; <strong>Unai Quir\u00f3s<\/strong> que, desde M\u00e1laga, nos trae la magia de sus canciones para todas las edades; <strong>Javier Gac\u00edas<\/strong>, compositor aragon\u00e9s, un cl\u00e1sico con su conocida canci\u00f3n \u00abDios est\u00e1 aqu\u00ed\u00bb; <strong>Kikote<\/strong> (Gabriel Guti\u00e9rrez), c\u00f3mico y clown; <strong><em>M\u00f3nica Mart\u00ednez Masip<\/em><\/strong>, magia y animaci\u00f3n;\u00a0<strong><em>Y Chord<\/em><\/strong>, joven grupo de rock de Zaragoza; el <strong>Coro del Centro Penitenciario de Zuera<\/strong>; el <strong>Coro del colegio Cristo Rey<\/strong>,&#8230;<\/p>\n<p>El EA, desde sus inicios, persigue estos objetivos: crear un espacio de esperanza y fe en medio de las crisis que sufrimos; promover la creatividad y el conocimiento del nuevo arte cristiano desarrollando nuevos lenguajes; apoyar un proyecto solidario, que esta vez ser\u00e1 ayudar los damnificados por el reciente hurac\u00e1n de Hait\u00ed, a C\u00e1ritas en su labor social y transformadora y a los proyecto de la Fundaci\u00f3n Itaka-Escolapios.<\/p>\n<p>Durante los dos primeros d\u00edas habr\u00e1 ocho conciertos en el colegio Cristo Rey (Escolapios) de Zaragoza y San Gabriel (Pasionistas) de Zuera que contar\u00e1n con la participaci\u00f3n de alumnos de varios centros concertados e institutos p\u00fablicos. Adem\u00e1s habr\u00e1 un <strong>gran concierto abierto a toda la ciudad el viernes 11 de nov. a las 21 h. en el Colegio Cristo Rey<\/strong>, otro en el <strong><em>III Foro cristiano<\/em> <\/strong>en el Centro Pignatelli (Jesuitas) el s\u00e1bado 12 a las 13 h. y, finalmente, en el <strong>Centro Penitenciario de Zuera<\/strong> la tarde de ese mismo s\u00e1bado.<\/p>\n<p>Pod\u00e9is colaborar con nosotros dando a conocer este evento pastoral y solidario con la nota de prensa y el p\u00f3ster que os adjuntamos. Desc\u00e1rgalos, impr\u00edmelos y que circulen. \u00a1Gracias!<\/p>\n<p>\u00a1Os esperamos!<\/p>\n<p><a href=\"http:\/\/esperanzarte.com\/wp-content\/uploads\/2016\/10\/poster_esperanzarte_2016-ZARAGOZA.pdf\">poster_esperanzarte_2016-zaragoza<\/a><\/p>\n<p><a href=\"http:\/\/esperanzarte.com\/wp-content\/uploads\/2016\/10\/Nota-de-prensa-EsperanzARTE-2016.pdf\">nota-de-prensa-esperanzarte-2016<\/a><\/p>\n","protected":false},"excerpt":{"rendered":"<p>El Festival EsperanzARTE (EA) volver\u00e1 a tener su edici\u00f3n anual del 10 al 12 de noviembre. Este a\u00f1o cumple 12 a\u00f1os este evento que, desde sus comienzos, ha pretendido dar a conocer el arte cristiano actual en sus dimensiones espirituales, sociales y solidarias. El tema del EA de este a\u00f1o ser\u00e1 \u00abMisericordia\u00bb, en respuesta a &hellip; <a href=\"https:\/\/esperanzarte.com\/?p=224\" class=\"more-link\">Seguir leyendo <span class=\"screen-reader-text\">Festival EsperanzARTE 2016<\/span> <span class=\"meta-nav\">&rarr;<\/span><\/a><\/p>\n","protected":false},"author":2,"featured_media":0,"comment_status":"open","ping_status":"closed","sticky":false,"template":"","format":"standard","meta":{"footnotes":""},"categories":[115,56,132,133,46,134,135,91,102],"tags":[137,21,25,125,73,136,138,18,99,103],"class_list":["post-224","post","type-post","status-publish","format-standard","hentry","category-centro-penitenciario-de-zuera","category-colegio-cristo-rey-escolapios-zaragoza","category-colegio-san-gabriel-de-zuera","category-coro-colegio-cristo-rey-escolapios","category-gabriel-gutierrez","category-migueli-marin","category-monica-masip","category-unai-quiros","category-y-chord","tag-coro-colegio-cristo-rey-escolapios","tag-esperanzarte","tag-festival-2","tag-javier-gacias","tag-kikote","tag-migueli-marin","tag-monica-martinez-masip","tag-solidaridad-2","tag-unai-quiros","tag-y-chord"],"_links":{"self":[{"href":"https:\/\/esperanzarte.com\/index.php?rest_route=\/wp\/v2\/posts\/224","targetHints":{"allow":["GET"]}}],"collection":[{"href":"https:\/\/esperanzarte.com\/index.php?rest_route=\/wp\/v2\/posts"}],"about":[{"href":"https:\/\/esperanzarte.com\/index.php?rest_route=\/wp\/v2\/types\/post"}],"author":[{"embeddable":true,"href":"https:\/\/esperanzarte.com\/index.php?rest_route=\/wp\/v2\/users\/2"}],"replies":[{"embeddable":true,"href":"https:\/\/esperanzarte.com\/index.php?rest_route=%2Fwp%2Fv2%2Fcomments&post=224"}],"version-history":[{"count":5,"href":"https:\/\/esperanzarte.com\/index.php?rest_route=\/wp\/v2\/posts\/224\/revisions"}],"predecessor-version":[{"id":236,"href":"https:\/\/esperanzarte.com\/index.php?rest_route=\/wp\/v2\/posts\/224\/revisions\/236"}],"wp:attachment":[{"href":"https:\/\/esperanzarte.com\/index.php?rest_route=%2Fwp%2Fv2%2Fmedia&parent=224"}],"wp:term":[{"taxonomy":"category","embeddable":true,"href":"https:\/\/esperanzarte.com\/index.php?rest_route=%2Fwp%2Fv2%2Fcategories&post=224"},{"taxonomy":"post_tag","embeddable":true,"href":"https:\/\/esperanzarte.com\/index.php?rest_route=%2Fwp%2Fv2%2Ftags&post=224"}],"curies":[{"name":"wp","href":"https:\/\/api.w.org\/{rel}","templated":true}]}}