{"id":400,"date":"2017-11-12T20:08:45","date_gmt":"2017-11-12T18:08:45","guid":{"rendered":"http:\/\/esperanzarte.com\/?p=400"},"modified":"2018-04-20T22:17:01","modified_gmt":"2018-04-20T20:17:01","slug":"ea-2017-parroquia-de-valdespartera","status":"publish","type":"post","link":"https:\/\/esperanzarte.com\/?p=400","title":{"rendered":"EA 2017 Parroquia de Valdespartera"},"content":{"rendered":"<p>Antonio Moreno Montero, p\u00e1rroco de San Ignacio Clemente Delgado, en el barrio de Valdespartera de Zaragoza, ha acogido una misa con concierto del EsperanzARTE 2017. Ha sido tras la Eucarist\u00eda dominical y ha concluido con una comida fraterna con algunos hermanos y hermanas de aquella comunidad.<\/p>\n<p>Muy hermosa la adoraci\u00f3n con los ni\u00f1os que ha preparado Antonio. Gracias a cuantos nos hab\u00e9is animado a seguir en este ministerio.<\/p>\n<div class=\"flagallery nivogallery_skin\" id=\"FlaGallery_sc1_39\" ><style type=\"text\/css\" scoped=\"scoped\">@import url('https:\/\/esperanzarte.com\/wp-content\/plugins\/flash-album-gallery\/assets\/nivoslider\/themes\/default\/default.css') all;<\/style><div class=\"slider-wrapper theme-default\" style=\"position: relative;\"> <div class=\"ribbon\"><\/div> <div class=\"flagallery_nivoSlider\" data-settings=\"{&quot;theme&quot;:&quot;default&quot;,&quot;effect&quot;:&quot;random&quot;,&quot;slices&quot;:&quot;15&quot;,&quot;animSpeed&quot;:&quot;500&quot;,&quot;pauseTime&quot;:&quot;5000&quot;,&quot;startSlide&quot;:&quot;0&quot;,&quot;pauseOnHover&quot;:&quot;1&quot;,&quot;directionNav&quot;:&quot;1&quot;,&quot;controlNav&quot;:&quot;1&quot;,&quot;linkTarget&quot;:&quot;0&quot;,&quot;randomStart&quot;:&quot;0&quot;,&quot;key&quot;:&quot;&quot;,&quot;name&quot;:&quot;&quot;,&quot;boxCols&quot;:8,&quot;boxRows&quot;:4,&quot;prevText&quot;:&quot;Prev&quot;,&quot;nextText&quot;:&quot;Next&quot;}\"> <img decoding=\"async\" class=\"noLazy\" alt=\"\" src=\"https:\/\/esperanzarte.com\/wp-content\/flagallery\/ea-2017-parroquia-de-valdespartera\/webview\/2017_11_12-1153-jys.jpg\"\/><img decoding=\"async\" class=\"noLazy\" alt=\"\" src=\"https:\/\/esperanzarte.com\/wp-content\/flagallery\/ea-2017-parroquia-de-valdespartera\/webview\/2017_11_12-1157-jys.jpg\"\/><img decoding=\"async\" class=\"noLazy\" alt=\"\" src=\"https:\/\/esperanzarte.com\/wp-content\/flagallery\/ea-2017-parroquia-de-valdespartera\/webview\/2017_11_12-1162-jys.jpg\"\/><img decoding=\"async\" class=\"noLazy\" alt=\"\" src=\"https:\/\/esperanzarte.com\/wp-content\/flagallery\/ea-2017-parroquia-de-valdespartera\/webview\/2017_11_12-1163-jys.jpg\"\/><img decoding=\"async\" class=\"noLazy\" alt=\"\" src=\"https:\/\/esperanzarte.com\/wp-content\/flagallery\/ea-2017-parroquia-de-valdespartera\/webview\/2017_11_12-1167-jys.jpg\"\/><img decoding=\"async\" class=\"noLazy\" alt=\"\" src=\"https:\/\/esperanzarte.com\/wp-content\/flagallery\/ea-2017-parroquia-de-valdespartera\/webview\/2017_11_12-1169-jys.jpg\"\/><img decoding=\"async\" class=\"noLazy\" alt=\"\" src=\"https:\/\/esperanzarte.com\/wp-content\/flagallery\/ea-2017-parroquia-de-valdespartera\/webview\/2017_11_12-1182-jys.jpg\"\/><img decoding=\"async\" class=\"noLazy\" alt=\"\" src=\"https:\/\/esperanzarte.com\/wp-content\/flagallery\/ea-2017-parroquia-de-valdespartera\/webview\/2017_11_12-1183-jys.jpg\"\/><img decoding=\"async\" class=\"noLazy\" alt=\"\" src=\"https:\/\/esperanzarte.com\/wp-content\/flagallery\/ea-2017-parroquia-de-valdespartera\/webview\/2017_11_12-1190-jys.jpg\"\/><img decoding=\"async\" class=\"noLazy\" alt=\"\" src=\"https:\/\/esperanzarte.com\/wp-content\/flagallery\/ea-2017-parroquia-de-valdespartera\/webview\/2017_11_12-1220-jys.jpg\"\/><img decoding=\"async\" class=\"noLazy\" alt=\"\" src=\"https:\/\/esperanzarte.com\/wp-content\/flagallery\/ea-2017-parroquia-de-valdespartera\/webview\/2017_11_12-1236-jys.jpg\"\/><img decoding=\"async\" class=\"noLazy\" alt=\"\" src=\"https:\/\/esperanzarte.com\/wp-content\/flagallery\/ea-2017-parroquia-de-valdespartera\/webview\/2017_11_12-1238-jys.jpg\"\/><img decoding=\"async\" class=\"noLazy\" alt=\"\" src=\"https:\/\/esperanzarte.com\/wp-content\/flagallery\/ea-2017-parroquia-de-valdespartera\/webview\/2017_11_12-1240-jys.jpg\"\/><img decoding=\"async\" class=\"noLazy\" alt=\"\" src=\"https:\/\/esperanzarte.com\/wp-content\/flagallery\/ea-2017-parroquia-de-valdespartera\/webview\/2017_11_12-1248-jys.jpg\"\/><img decoding=\"async\" class=\"noLazy\" alt=\"\" src=\"https:\/\/esperanzarte.com\/wp-content\/flagallery\/ea-2017-parroquia-de-valdespartera\/webview\/2017_11_12-1258-jys.jpg\"\/><img decoding=\"async\" class=\"noLazy\" alt=\"\" src=\"https:\/\/esperanzarte.com\/wp-content\/flagallery\/ea-2017-parroquia-de-valdespartera\/webview\/2017_11_12-1261-jys.jpg\"\/><img decoding=\"async\" class=\"noLazy\" alt=\"\" src=\"https:\/\/esperanzarte.com\/wp-content\/flagallery\/ea-2017-parroquia-de-valdespartera\/webview\/2017_11_12-1265-jys.jpg\"\/><img decoding=\"async\" class=\"noLazy\" alt=\"\" src=\"https:\/\/esperanzarte.com\/wp-content\/flagallery\/ea-2017-parroquia-de-valdespartera\/webview\/2017_11_12-1267-jys-2.jpg\"\/> <\/div><\/div><\/div><noscript id=\"noscript_FlaGallery_sc1_39\"><img class=\"skip-lazy no-lazyload noLazy\" data-lazy-src=\"\" src =\"https:\/\/esperanzarte.com\/wp-content\/flagallery\/ea-2017-parroquia-de-valdespartera\/2017_11_12-1153-jys.jpg\" alt=\"\" \/><img class=\"skip-lazy no-lazyload noLazy\" data-lazy-src=\"\" src =\"https:\/\/esperanzarte.com\/wp-content\/flagallery\/ea-2017-parroquia-de-valdespartera\/2017_11_12-1157-jys.jpg\" alt=\"\" \/><img class=\"skip-lazy no-lazyload noLazy\" data-lazy-src=\"\" src =\"https:\/\/esperanzarte.com\/wp-content\/flagallery\/ea-2017-parroquia-de-valdespartera\/2017_11_12-1162-jys.jpg\" alt=\"\" \/><img class=\"skip-lazy no-lazyload noLazy\" data-lazy-src=\"\" src =\"https:\/\/esperanzarte.com\/wp-content\/flagallery\/ea-2017-parroquia-de-valdespartera\/2017_11_12-1163-jys.jpg\" alt=\"\" \/><img class=\"skip-lazy no-lazyload noLazy\" data-lazy-src=\"\" src =\"https:\/\/esperanzarte.com\/wp-content\/flagallery\/ea-2017-parroquia-de-valdespartera\/2017_11_12-1167-jys.jpg\" alt=\"\" \/><img class=\"skip-lazy no-lazyload noLazy\" data-lazy-src=\"\" src =\"https:\/\/esperanzarte.com\/wp-content\/flagallery\/ea-2017-parroquia-de-valdespartera\/2017_11_12-1169-jys.jpg\" alt=\"\" \/><img class=\"skip-lazy no-lazyload noLazy\" data-lazy-src=\"\" src =\"https:\/\/esperanzarte.com\/wp-content\/flagallery\/ea-2017-parroquia-de-valdespartera\/2017_11_12-1182-jys.jpg\" alt=\"\" \/><img class=\"skip-lazy no-lazyload noLazy\" data-lazy-src=\"\" src =\"https:\/\/esperanzarte.com\/wp-content\/flagallery\/ea-2017-parroquia-de-valdespartera\/2017_11_12-1183-jys.jpg\" alt=\"\" \/><img class=\"skip-lazy no-lazyload noLazy\" data-lazy-src=\"\" src =\"https:\/\/esperanzarte.com\/wp-content\/flagallery\/ea-2017-parroquia-de-valdespartera\/2017_11_12-1190-jys.jpg\" alt=\"\" \/><img class=\"skip-lazy no-lazyload noLazy\" data-lazy-src=\"\" src =\"https:\/\/esperanzarte.com\/wp-content\/flagallery\/ea-2017-parroquia-de-valdespartera\/2017_11_12-1220-jys.jpg\" alt=\"\" \/><img class=\"skip-lazy no-lazyload noLazy\" data-lazy-src=\"\" src =\"https:\/\/esperanzarte.com\/wp-content\/flagallery\/ea-2017-parroquia-de-valdespartera\/2017_11_12-1236-jys.jpg\" alt=\"\" \/><img class=\"skip-lazy no-lazyload noLazy\" data-lazy-src=\"\" src =\"https:\/\/esperanzarte.com\/wp-content\/flagallery\/ea-2017-parroquia-de-valdespartera\/2017_11_12-1238-jys.jpg\" alt=\"\" \/><img class=\"skip-lazy no-lazyload noLazy\" data-lazy-src=\"\" src =\"https:\/\/esperanzarte.com\/wp-content\/flagallery\/ea-2017-parroquia-de-valdespartera\/2017_11_12-1240-jys.jpg\" alt=\"\" \/><img class=\"skip-lazy no-lazyload noLazy\" data-lazy-src=\"\" src =\"https:\/\/esperanzarte.com\/wp-content\/flagallery\/ea-2017-parroquia-de-valdespartera\/2017_11_12-1248-jys.jpg\" alt=\"\" \/><img class=\"skip-lazy no-lazyload noLazy\" data-lazy-src=\"\" src =\"https:\/\/esperanzarte.com\/wp-content\/flagallery\/ea-2017-parroquia-de-valdespartera\/2017_11_12-1258-jys.jpg\" alt=\"\" \/><img class=\"skip-lazy no-lazyload noLazy\" data-lazy-src=\"\" src =\"https:\/\/esperanzarte.com\/wp-content\/flagallery\/ea-2017-parroquia-de-valdespartera\/2017_11_12-1261-jys.jpg\" alt=\"\" \/><img class=\"skip-lazy no-lazyload noLazy\" data-lazy-src=\"\" src =\"https:\/\/esperanzarte.com\/wp-content\/flagallery\/ea-2017-parroquia-de-valdespartera\/2017_11_12-1265-jys.jpg\" alt=\"\" \/><img class=\"skip-lazy no-lazyload noLazy\" data-lazy-src=\"\" src =\"https:\/\/esperanzarte.com\/wp-content\/flagallery\/ea-2017-parroquia-de-valdespartera\/2017_11_12-1267-jys-2.jpg\" alt=\"\" \/><\/noscript>\n","protected":false},"excerpt":{"rendered":"<p>Antonio Moreno Montero, p\u00e1rroco de San Ignacio Clemente Delgado, en el barrio de Valdespartera de Zaragoza, ha acogido una misa con concierto del EsperanzARTE 2017. Ha sido tras la Eucarist\u00eda dominical y ha concluido con una comida fraterna con algunos hermanos y hermanas de aquella comunidad. Muy hermosa la adoraci\u00f3n con los ni\u00f1os que ha &hellip; <a href=\"https:\/\/esperanzarte.com\/?p=400\" class=\"more-link\">Seguir leyendo <span class=\"screen-reader-text\">EA 2017 Parroquia de Valdespartera<\/span> <span class=\"meta-nav\">&rarr;<\/span><\/a><\/p>\n","protected":false},"author":2,"featured_media":402,"comment_status":"closed","ping_status":"closed","sticky":false,"template":"","format":"standard","meta":{"footnotes":""},"categories":[119,160,151],"tags":[167,194,21,127,181,155],"class_list":["post-400","post","type-post","status-publish","format-standard","has-post-thumbnail","hentry","category-luis-alfredo","category-parroquia-de-valdespartera-zaragoza","category-ruben-de-lis","tag-167","tag-antonio-moreno-montero","tag-esperanzarte","tag-luis-alfredo-diaz","tag-parroquia-valdespartera","tag-ruben-de-lis"],"_links":{"self":[{"href":"https:\/\/esperanzarte.com\/index.php?rest_route=\/wp\/v2\/posts\/400","targetHints":{"allow":["GET"]}}],"collection":[{"href":"https:\/\/esperanzarte.com\/index.php?rest_route=\/wp\/v2\/posts"}],"about":[{"href":"https:\/\/esperanzarte.com\/index.php?rest_route=\/wp\/v2\/types\/post"}],"author":[{"embeddable":true,"href":"https:\/\/esperanzarte.com\/index.php?rest_route=\/wp\/v2\/users\/2"}],"replies":[{"embeddable":true,"href":"https:\/\/esperanzarte.com\/index.php?rest_route=%2Fwp%2Fv2%2Fcomments&post=400"}],"version-history":[{"count":2,"href":"https:\/\/esperanzarte.com\/index.php?rest_route=\/wp\/v2\/posts\/400\/revisions"}],"predecessor-version":[{"id":404,"href":"https:\/\/esperanzarte.com\/index.php?rest_route=\/wp\/v2\/posts\/400\/revisions\/404"}],"wp:featuredmedia":[{"embeddable":true,"href":"https:\/\/esperanzarte.com\/index.php?rest_route=\/wp\/v2\/media\/402"}],"wp:attachment":[{"href":"https:\/\/esperanzarte.com\/index.php?rest_route=%2Fwp%2Fv2%2Fmedia&parent=400"}],"wp:term":[{"taxonomy":"category","embeddable":true,"href":"https:\/\/esperanzarte.com\/index.php?rest_route=%2Fwp%2Fv2%2Fcategories&post=400"},{"taxonomy":"post_tag","embeddable":true,"href":"https:\/\/esperanzarte.com\/index.php?rest_route=%2Fwp%2Fv2%2Ftags&post=400"}],"curies":[{"name":"wp","href":"https:\/\/api.w.org\/{rel}","templated":true}]}}