{"id":446,"date":"2018-11-17T10:10:34","date_gmt":"2018-11-17T08:10:34","guid":{"rendered":"http:\/\/esperanzarte.com\/?p=446"},"modified":"2018-11-17T10:16:24","modified_gmt":"2018-11-17T08:16:24","slug":"concierto-de-la-hermana-glenda","status":"publish","type":"post","link":"https:\/\/esperanzarte.com\/?p=446","title":{"rendered":"Concierto de la Hermana Glenda 3 de diciembre en La Almozara"},"content":{"rendered":"<p>Se acerca el Adviento y, con \u00e9l, una hermosa oportunidad de orar y acercarnos al Se\u00f1or.<\/p>\n<p>El 3 de diciembre, lunes, a las 20 h., tendr\u00e1 lugar el concierto de la Hermana Glenda en el templo de Santa Mar\u00eda Madre de la Iglesia de la parroquia de La Almozara, Zaragoza. Es en la calle \u00c1msterdam, 1.<\/p>\n<p>\u00a1Os esperamos!<\/p>\n<p>Aqu\u00ed va la imagen para compartir en las redes:<\/p>\n<p><a href=\"http:\/\/esperanzarte.com\/wp-content\/uploads\/2018\/11\/poster_Hermana_Glenda_2018-LA-ALMOZARA-2.jpg\"><img loading=\"lazy\" decoding=\"async\" class=\"alignnone size-medium wp-image-447\" src=\"http:\/\/esperanzarte.com\/wp-content\/uploads\/2018\/11\/poster_Hermana_Glenda_2018-LA-ALMOZARA-2-223x300.jpg\" alt=\"\" width=\"223\" height=\"300\" srcset=\"https:\/\/esperanzarte.com\/wp-content\/uploads\/2018\/11\/poster_Hermana_Glenda_2018-LA-ALMOZARA-2-223x300.jpg 223w, https:\/\/esperanzarte.com\/wp-content\/uploads\/2018\/11\/poster_Hermana_Glenda_2018-LA-ALMOZARA-2.jpg 761w, https:\/\/esperanzarte.com\/wp-content\/uploads\/2018\/11\/poster_Hermana_Glenda_2018-LA-ALMOZARA-2-300x404.jpg 300w\" sizes=\"auto, (max-width: 223px) 100vw, 223px\" \/><\/a><\/p>\n","protected":false},"excerpt":{"rendered":"<p>Se acerca el Adviento y, con \u00e9l, una hermosa oportunidad de orar y acercarnos al Se\u00f1or. El 3 de diciembre, lunes, a las 20 h., tendr\u00e1 lugar el concierto de la Hermana Glenda en el templo de Santa Mar\u00eda Madre de la Iglesia de la parroquia de La Almozara, Zaragoza. Es en la calle \u00c1msterdam, &hellip; <a href=\"https:\/\/esperanzarte.com\/?p=446\" class=\"more-link\">Seguir leyendo <span class=\"screen-reader-text\">Concierto de la Hermana Glenda 3 de diciembre en La Almozara<\/span> <span class=\"meta-nav\">&rarr;<\/span><\/a><\/p>\n","protected":false},"author":2,"featured_media":449,"comment_status":"closed","ping_status":"closed","sticky":false,"template":"","format":"standard","meta":{"footnotes":""},"categories":[237],"tags":[240,239,20,21,83,238,26],"class_list":["post-446","post","type-post","status-publish","format-standard","has-post-thumbnail","hentry","category-parroquia-de-la-almozara","tag-240","tag-adviento","tag-conciertos-2","tag-esperanzarte","tag-hermana-glenda","tag-parroquia-de-la-almozara","tag-zaragoza"],"_links":{"self":[{"href":"https:\/\/esperanzarte.com\/index.php?rest_route=\/wp\/v2\/posts\/446","targetHints":{"allow":["GET"]}}],"collection":[{"href":"https:\/\/esperanzarte.com\/index.php?rest_route=\/wp\/v2\/posts"}],"about":[{"href":"https:\/\/esperanzarte.com\/index.php?rest_route=\/wp\/v2\/types\/post"}],"author":[{"embeddable":true,"href":"https:\/\/esperanzarte.com\/index.php?rest_route=\/wp\/v2\/users\/2"}],"replies":[{"embeddable":true,"href":"https:\/\/esperanzarte.com\/index.php?rest_route=%2Fwp%2Fv2%2Fcomments&post=446"}],"version-history":[{"count":4,"href":"https:\/\/esperanzarte.com\/index.php?rest_route=\/wp\/v2\/posts\/446\/revisions"}],"predecessor-version":[{"id":452,"href":"https:\/\/esperanzarte.com\/index.php?rest_route=\/wp\/v2\/posts\/446\/revisions\/452"}],"wp:featuredmedia":[{"embeddable":true,"href":"https:\/\/esperanzarte.com\/index.php?rest_route=\/wp\/v2\/media\/449"}],"wp:attachment":[{"href":"https:\/\/esperanzarte.com\/index.php?rest_route=%2Fwp%2Fv2%2Fmedia&parent=446"}],"wp:term":[{"taxonomy":"category","embeddable":true,"href":"https:\/\/esperanzarte.com\/index.php?rest_route=%2Fwp%2Fv2%2Fcategories&post=446"},{"taxonomy":"post_tag","embeddable":true,"href":"https:\/\/esperanzarte.com\/index.php?rest_route=%2Fwp%2Fv2%2Ftags&post=446"}],"curies":[{"name":"wp","href":"https:\/\/api.w.org\/{rel}","templated":true}]}}