{"id":459,"date":"2019-01-04T12:59:54","date_gmt":"2019-01-04T10:59:54","guid":{"rendered":"http:\/\/esperanzarte.com\/?p=459"},"modified":"2019-01-04T12:59:54","modified_gmt":"2019-01-04T10:59:54","slug":"migueli-en-zaragoza-12-13-de-enero-2019","status":"publish","type":"post","link":"https:\/\/esperanzarte.com\/?p=459","title":{"rendered":"Migueli en Zaragoza 12-13 de enero 2019"},"content":{"rendered":"<p>Migueli ofrecer\u00e1 dos conciertos en Zaragoza el 12 y el 13 de enero.<\/p>\n<p>Ser\u00e1 en la <strong>Parroquia de Bego\u00f1a<\/strong> (s\u00e1bado, 12 de enero, 6 de la tarde) y en la <strong>Parroquia de Valdespartera<\/strong> (domingo, 13 de enero, 11 de la ma\u00f1ana)<\/p>\n<p>Aqu\u00ed van los carteles, para que los difund\u00e1is.<\/p>\n<p>\u00a1Nos vemos y escuchamos las nuevas canciones de \u00abMigueli en Libertad\u00bb!<\/p>\n<p><a href=\"http:\/\/esperanzarte.com\/wp-content\/uploads\/2019\/01\/Concierto_EA_MIGUELI_Begona_2019.jpg\"><img loading=\"lazy\" decoding=\"async\" class=\"alignnone size-medium wp-image-461\" src=\"http:\/\/esperanzarte.com\/wp-content\/uploads\/2019\/01\/Concierto_EA_MIGUELI_Begona_2019-213x300.jpg\" alt=\"\" width=\"213\" height=\"300\" srcset=\"https:\/\/esperanzarte.com\/wp-content\/uploads\/2019\/01\/Concierto_EA_MIGUELI_Begona_2019-213x300.jpg 213w, https:\/\/esperanzarte.com\/wp-content\/uploads\/2019\/01\/Concierto_EA_MIGUELI_Begona_2019-300x422.jpg 300w, https:\/\/esperanzarte.com\/wp-content\/uploads\/2019\/01\/Concierto_EA_MIGUELI_Begona_2019.jpg 497w\" sizes=\"auto, (max-width: 213px) 100vw, 213px\" \/><\/a><\/p>\n<figure id=\"attachment_462\" aria-describedby=\"caption-attachment-462\" style=\"width: 217px\" class=\"wp-caption alignnone\"><a href=\"http:\/\/esperanzarte.com\/wp-content\/uploads\/2019\/01\/Concierto-EA_MIGUELI_Valdespartera_2019.jpg\"><img loading=\"lazy\" decoding=\"async\" class=\"size-medium wp-image-462\" src=\"http:\/\/esperanzarte.com\/wp-content\/uploads\/2019\/01\/Concierto-EA_MIGUELI_Valdespartera_2019-217x300.jpg\" alt=\"\" width=\"217\" height=\"300\" srcset=\"https:\/\/esperanzarte.com\/wp-content\/uploads\/2019\/01\/Concierto-EA_MIGUELI_Valdespartera_2019-217x300.jpg 217w, https:\/\/esperanzarte.com\/wp-content\/uploads\/2019\/01\/Concierto-EA_MIGUELI_Valdespartera_2019.jpg 739w, https:\/\/esperanzarte.com\/wp-content\/uploads\/2019\/01\/Concierto-EA_MIGUELI_Valdespartera_2019-300x416.jpg 300w\" sizes=\"auto, (max-width: 217px) 100vw, 217px\" \/><\/a><figcaption id=\"caption-attachment-462\" class=\"wp-caption-text\">poster_esperanzarte_monegros<\/figcaption><\/figure>\n","protected":false},"excerpt":{"rendered":"<p>Migueli ofrecer\u00e1 dos conciertos en Zaragoza el 12 y el 13 de enero. Ser\u00e1 en la Parroquia de Bego\u00f1a (s\u00e1bado, 12 de enero, 6 de la tarde) y en la Parroquia de Valdespartera (domingo, 13 de enero, 11 de la ma\u00f1ana) Aqu\u00ed van los carteles, para que los difund\u00e1is. \u00a1Nos vemos y escuchamos las nuevas &hellip; <a href=\"https:\/\/esperanzarte.com\/?p=459\" class=\"more-link\">Seguir leyendo <span class=\"screen-reader-text\">Migueli en Zaragoza 12-13 de enero 2019<\/span> <span class=\"meta-nav\">&rarr;<\/span><\/a><\/p>\n","protected":false},"author":2,"featured_media":460,"comment_status":"closed","ping_status":"closed","sticky":false,"template":"","format":"standard","meta":{"footnotes":""},"categories":[8,134,174,160],"tags":[20,21,136,180,181],"class_list":["post-459","post","type-post","status-publish","format-standard","has-post-thumbnail","hentry","category-conciertos","category-migueli-marin","category-parroquia-de-begona-zaragoza","category-parroquia-de-valdespartera-zaragoza","tag-conciertos-2","tag-esperanzarte","tag-migueli-marin","tag-parroquia-begona","tag-parroquia-valdespartera"],"_links":{"self":[{"href":"https:\/\/esperanzarte.com\/index.php?rest_route=\/wp\/v2\/posts\/459","targetHints":{"allow":["GET"]}}],"collection":[{"href":"https:\/\/esperanzarte.com\/index.php?rest_route=\/wp\/v2\/posts"}],"about":[{"href":"https:\/\/esperanzarte.com\/index.php?rest_route=\/wp\/v2\/types\/post"}],"author":[{"embeddable":true,"href":"https:\/\/esperanzarte.com\/index.php?rest_route=\/wp\/v2\/users\/2"}],"replies":[{"embeddable":true,"href":"https:\/\/esperanzarte.com\/index.php?rest_route=%2Fwp%2Fv2%2Fcomments&post=459"}],"version-history":[{"count":1,"href":"https:\/\/esperanzarte.com\/index.php?rest_route=\/wp\/v2\/posts\/459\/revisions"}],"predecessor-version":[{"id":463,"href":"https:\/\/esperanzarte.com\/index.php?rest_route=\/wp\/v2\/posts\/459\/revisions\/463"}],"wp:featuredmedia":[{"embeddable":true,"href":"https:\/\/esperanzarte.com\/index.php?rest_route=\/wp\/v2\/media\/460"}],"wp:attachment":[{"href":"https:\/\/esperanzarte.com\/index.php?rest_route=%2Fwp%2Fv2%2Fmedia&parent=459"}],"wp:term":[{"taxonomy":"category","embeddable":true,"href":"https:\/\/esperanzarte.com\/index.php?rest_route=%2Fwp%2Fv2%2Fcategories&post=459"},{"taxonomy":"post_tag","embeddable":true,"href":"https:\/\/esperanzarte.com\/index.php?rest_route=%2Fwp%2Fv2%2Ftags&post=459"}],"curies":[{"name":"wp","href":"https:\/\/api.w.org\/{rel}","templated":true}]}}