{"id":716,"date":"2019-11-15T20:42:51","date_gmt":"2019-11-15T18:42:51","guid":{"rendered":"http:\/\/esperanzarte.com\/?p=716"},"modified":"2019-11-22T01:07:35","modified_gmt":"2019-11-21T23:07:35","slug":"ea-2019-conciertos-escolares-en-huesca","status":"publish","type":"post","link":"https:\/\/esperanzarte.com\/?p=716","title":{"rendered":"EA 2019 Conciertos escolares en Huesca"},"content":{"rendered":"<p>Y ha llegado el gran d\u00eda del EsperanzARTE, tres conciertos escolares en el Teatro Salesiano de Huesca. Los conciertos fueron abiertos por el coro de secundaria y el de primaria de Salesianos, y luego han actuado Juan Carlos Prieto, Kikote, Luis Guitarra, Carmen Sara Floriano, \u00c1lvaro Fraile y \u00c1lex Delgado, que le ha acompa\u00f1ado con voz, arm\u00f3nica y piano&#8230; \u00a1Una fiesta para nuestros o\u00eddos y nuestras almas!<\/p>\n<p>\u00abFelicidad se escribe con \u00abfe\u00bb. Con ese lema, inspirado en el s\u00ednodo de los j\u00f3venes del a\u00f1o pasado,\u00a0 hemos acompa\u00f1ado a m\u00e1s de mil chicos y chicas, desde 5\u00ba de primaria a Bachillerato, de los colegios San Viator, Santa Rosa, Altoarag\u00f3n y Salesianos. Gracias a todos los centros por participar activamente en este encuentro festivo que nos hace comprometernos m\u00e1s con un mundo mejor seg\u00fan los valores del evangelio.<\/p>\n<div class=\"flagallery nivogallery_skin\" id=\"FlaGallery_sc1_63\" ><style type=\"text\/css\" scoped=\"scoped\">@import url('https:\/\/esperanzarte.com\/wp-content\/plugins\/flash-album-gallery\/assets\/nivoslider\/themes\/default\/default.css') all;<\/style><div class=\"slider-wrapper theme-default\" style=\"position: relative;\"> <div class=\"ribbon\"><\/div> <div class=\"flagallery_nivoSlider\" data-settings=\"{&quot;theme&quot;:&quot;default&quot;,&quot;effect&quot;:&quot;random&quot;,&quot;slices&quot;:&quot;15&quot;,&quot;animSpeed&quot;:&quot;500&quot;,&quot;pauseTime&quot;:&quot;5000&quot;,&quot;startSlide&quot;:&quot;0&quot;,&quot;pauseOnHover&quot;:&quot;1&quot;,&quot;directionNav&quot;:&quot;1&quot;,&quot;controlNav&quot;:&quot;1&quot;,&quot;linkTarget&quot;:&quot;0&quot;,&quot;randomStart&quot;:&quot;0&quot;,&quot;key&quot;:&quot;&quot;,&quot;name&quot;:&quot;&quot;,&quot;boxCols&quot;:8,&quot;boxRows&quot;:4,&quot;prevText&quot;:&quot;Prev&quot;,&quot;nextText&quot;:&quot;Next&quot;}\"> <img decoding=\"async\" class=\"noLazy\" alt=\"\" src=\"https:\/\/esperanzarte.com\/wp-content\/flagallery\/ea-2019-huesca-conciertos-escolares\/webview\/esperanzarte-2019-30.JPG\"\/><img decoding=\"async\" class=\"noLazy\" alt=\"\" src=\"https:\/\/esperanzarte.com\/wp-content\/flagallery\/ea-2019-huesca-conciertos-escolares\/webview\/esperanzarte-2019-33.JPG\"\/><img decoding=\"async\" class=\"noLazy\" alt=\"\" src=\"https:\/\/esperanzarte.com\/wp-content\/flagallery\/ea-2019-huesca-conciertos-escolares\/webview\/esperanzarte-2019-35.JPG\"\/><img decoding=\"async\" class=\"noLazy\" alt=\"\" src=\"https:\/\/esperanzarte.com\/wp-content\/flagallery\/ea-2019-huesca-conciertos-escolares\/webview\/esperanzarte-2019-37.JPG\"\/><img decoding=\"async\" class=\"noLazy\" alt=\"\" src=\"https:\/\/esperanzarte.com\/wp-content\/flagallery\/ea-2019-huesca-conciertos-escolares\/webview\/esperanzarte-2019-39.JPG\"\/><img decoding=\"async\" class=\"noLazy\" alt=\"\" src=\"https:\/\/esperanzarte.com\/wp-content\/flagallery\/ea-2019-huesca-conciertos-escolares\/webview\/esperanzarte-2019-40.JPG\"\/><img decoding=\"async\" class=\"noLazy\" alt=\"\" src=\"https:\/\/esperanzarte.com\/wp-content\/flagallery\/ea-2019-huesca-conciertos-escolares\/webview\/esperanzarte-2019-42.JPG\"\/><img decoding=\"async\" class=\"noLazy\" alt=\"\" src=\"https:\/\/esperanzarte.com\/wp-content\/flagallery\/ea-2019-huesca-conciertos-escolares\/webview\/esperanzarte-2019-47.JPG\"\/><img decoding=\"async\" class=\"noLazy\" alt=\"\" src=\"https:\/\/esperanzarte.com\/wp-content\/flagallery\/ea-2019-huesca-conciertos-escolares\/webview\/esperanzarte-2019-50.JPG\"\/><img decoding=\"async\" class=\"noLazy\" alt=\"\" src=\"https:\/\/esperanzarte.com\/wp-content\/flagallery\/ea-2019-huesca-conciertos-escolares\/webview\/esperanzarte-2019-51.JPG\"\/><img decoding=\"async\" class=\"noLazy\" alt=\"\" src=\"https:\/\/esperanzarte.com\/wp-content\/flagallery\/ea-2019-huesca-conciertos-escolares\/webview\/esperanzarte-2019-52.JPG\"\/><img decoding=\"async\" class=\"noLazy\" alt=\"\" src=\"https:\/\/esperanzarte.com\/wp-content\/flagallery\/ea-2019-huesca-conciertos-escolares\/webview\/esperanzarte-2019-54.JPG\"\/><img decoding=\"async\" class=\"noLazy\" alt=\"\" src=\"https:\/\/esperanzarte.com\/wp-content\/flagallery\/ea-2019-huesca-conciertos-escolares\/webview\/esperanzarte-2019-56.JPG\"\/><img decoding=\"async\" class=\"noLazy\" alt=\"\" src=\"https:\/\/esperanzarte.com\/wp-content\/flagallery\/ea-2019-huesca-conciertos-escolares\/webview\/esperanzarte-2019-57.JPG\"\/><img decoding=\"async\" class=\"noLazy\" alt=\"\" src=\"https:\/\/esperanzarte.com\/wp-content\/flagallery\/ea-2019-huesca-conciertos-escolares\/webview\/esperanzarte-2019-58.JPG\"\/><img decoding=\"async\" class=\"noLazy\" alt=\"\" src=\"https:\/\/esperanzarte.com\/wp-content\/flagallery\/ea-2019-huesca-conciertos-escolares\/webview\/esperanzarte-2019-61.JPG\"\/><img decoding=\"async\" class=\"noLazy\" alt=\"\" src=\"https:\/\/esperanzarte.com\/wp-content\/flagallery\/ea-2019-huesca-conciertos-escolares\/webview\/esperanzarte-2019-62.JPG\"\/><img decoding=\"async\" class=\"noLazy\" alt=\"\" src=\"https:\/\/esperanzarte.com\/wp-content\/flagallery\/ea-2019-huesca-conciertos-escolares\/webview\/esperanzarte-2019-63.JPG\"\/><img decoding=\"async\" class=\"noLazy\" alt=\"\" src=\"https:\/\/esperanzarte.com\/wp-content\/flagallery\/ea-2019-huesca-conciertos-escolares\/webview\/esperanzarte-2019-73.JPG\"\/> <\/div><\/div><\/div><noscript id=\"noscript_FlaGallery_sc1_63\"><img class=\"skip-lazy no-lazyload noLazy\" data-lazy-src=\"\" src =\"https:\/\/esperanzarte.com\/wp-content\/flagallery\/ea-2019-huesca-conciertos-escolares\/esperanzarte-2019-30.JPG\" alt=\"\" \/><img class=\"skip-lazy no-lazyload noLazy\" data-lazy-src=\"\" src =\"https:\/\/esperanzarte.com\/wp-content\/flagallery\/ea-2019-huesca-conciertos-escolares\/esperanzarte-2019-33.JPG\" alt=\"\" \/><img class=\"skip-lazy no-lazyload noLazy\" data-lazy-src=\"\" src =\"https:\/\/esperanzarte.com\/wp-content\/flagallery\/ea-2019-huesca-conciertos-escolares\/esperanzarte-2019-35.JPG\" alt=\"\" \/><img class=\"skip-lazy no-lazyload noLazy\" data-lazy-src=\"\" src =\"https:\/\/esperanzarte.com\/wp-content\/flagallery\/ea-2019-huesca-conciertos-escolares\/esperanzarte-2019-37.JPG\" alt=\"\" \/><img class=\"skip-lazy no-lazyload noLazy\" data-lazy-src=\"\" src =\"https:\/\/esperanzarte.com\/wp-content\/flagallery\/ea-2019-huesca-conciertos-escolares\/esperanzarte-2019-39.JPG\" alt=\"\" \/><img class=\"skip-lazy no-lazyload noLazy\" data-lazy-src=\"\" src =\"https:\/\/esperanzarte.com\/wp-content\/flagallery\/ea-2019-huesca-conciertos-escolares\/esperanzarte-2019-40.JPG\" alt=\"\" \/><img class=\"skip-lazy no-lazyload noLazy\" data-lazy-src=\"\" src =\"https:\/\/esperanzarte.com\/wp-content\/flagallery\/ea-2019-huesca-conciertos-escolares\/esperanzarte-2019-42.JPG\" alt=\"\" \/><img class=\"skip-lazy no-lazyload noLazy\" data-lazy-src=\"\" src =\"https:\/\/esperanzarte.com\/wp-content\/flagallery\/ea-2019-huesca-conciertos-escolares\/esperanzarte-2019-47.JPG\" alt=\"\" \/><img class=\"skip-lazy no-lazyload noLazy\" data-lazy-src=\"\" src =\"https:\/\/esperanzarte.com\/wp-content\/flagallery\/ea-2019-huesca-conciertos-escolares\/esperanzarte-2019-50.JPG\" alt=\"\" \/><img class=\"skip-lazy no-lazyload noLazy\" data-lazy-src=\"\" src =\"https:\/\/esperanzarte.com\/wp-content\/flagallery\/ea-2019-huesca-conciertos-escolares\/esperanzarte-2019-51.JPG\" alt=\"\" \/><img class=\"skip-lazy no-lazyload noLazy\" data-lazy-src=\"\" src =\"https:\/\/esperanzarte.com\/wp-content\/flagallery\/ea-2019-huesca-conciertos-escolares\/esperanzarte-2019-52.JPG\" alt=\"\" \/><img class=\"skip-lazy no-lazyload noLazy\" data-lazy-src=\"\" src =\"https:\/\/esperanzarte.com\/wp-content\/flagallery\/ea-2019-huesca-conciertos-escolares\/esperanzarte-2019-54.JPG\" alt=\"\" \/><img class=\"skip-lazy no-lazyload noLazy\" data-lazy-src=\"\" src =\"https:\/\/esperanzarte.com\/wp-content\/flagallery\/ea-2019-huesca-conciertos-escolares\/esperanzarte-2019-56.JPG\" alt=\"\" \/><img class=\"skip-lazy no-lazyload noLazy\" data-lazy-src=\"\" src =\"https:\/\/esperanzarte.com\/wp-content\/flagallery\/ea-2019-huesca-conciertos-escolares\/esperanzarte-2019-57.JPG\" alt=\"\" \/><img class=\"skip-lazy no-lazyload noLazy\" data-lazy-src=\"\" src =\"https:\/\/esperanzarte.com\/wp-content\/flagallery\/ea-2019-huesca-conciertos-escolares\/esperanzarte-2019-58.JPG\" alt=\"\" \/><img class=\"skip-lazy no-lazyload noLazy\" data-lazy-src=\"\" src =\"https:\/\/esperanzarte.com\/wp-content\/flagallery\/ea-2019-huesca-conciertos-escolares\/esperanzarte-2019-61.JPG\" alt=\"\" \/><img class=\"skip-lazy no-lazyload noLazy\" data-lazy-src=\"\" src =\"https:\/\/esperanzarte.com\/wp-content\/flagallery\/ea-2019-huesca-conciertos-escolares\/esperanzarte-2019-62.JPG\" alt=\"\" \/><img class=\"skip-lazy no-lazyload noLazy\" data-lazy-src=\"\" src =\"https:\/\/esperanzarte.com\/wp-content\/flagallery\/ea-2019-huesca-conciertos-escolares\/esperanzarte-2019-63.JPG\" alt=\"\" \/><img class=\"skip-lazy no-lazyload noLazy\" data-lazy-src=\"\" src =\"https:\/\/esperanzarte.com\/wp-content\/flagallery\/ea-2019-huesca-conciertos-escolares\/esperanzarte-2019-73.JPG\" alt=\"\" \/><\/noscript>\n","protected":false},"excerpt":{"rendered":"<p>Y ha llegado el gran d\u00eda del EsperanzARTE, tres conciertos escolares en el Teatro Salesiano de Huesca. Los conciertos fueron abiertos por el coro de secundaria y el de primaria de Salesianos, y luego han actuado Juan Carlos Prieto, Kikote, Luis Guitarra, Carmen Sara Floriano, \u00c1lvaro Fraile y \u00c1lex Delgado, que le ha acompa\u00f1ado con &hellip; <a href=\"https:\/\/esperanzarte.com\/?p=716\" class=\"more-link\">Seguir leyendo <span class=\"screen-reader-text\">EA 2019 Conciertos escolares en Huesca<\/span> <span class=\"meta-nav\">&rarr;<\/span><\/a><\/p>\n","protected":false},"author":2,"featured_media":719,"comment_status":"closed","ping_status":"closed","sticky":false,"template":"","format":"standard","meta":{"footnotes":""},"categories":[288,69,45,173,53,54,55,30,46,190,232,23,259,44],"tags":[307,306,71,64,179,189,178,75,308,74,241,73,63,177],"class_list":["post-716","post","type-post","status-publish","format-standard","has-post-thumbnail","hentry","category-alvaro-fraile","category-caritas","category-carmen-sara-floriano","category-colegio-altoaragon-huesca","category-colegio-salesiano-huesca","category-colegio-san-viator-huesca","category-colegio-santa-rosa-huesca","category-festival-ea-huesca","category-gabriel-gutierrez","category-josan-montull","category-juan-carlos-prieto","category-juan-yzuel","category-kikote","category-luis-guitarra","tag-alex-delgado","tag-alvaro-fraile","tag-caritas","tag-carmen-sara-floriano","tag-colegio-altoaragon","tag-colegio-salesianos-huesca","tag-colegio-santa-rosa","tag-coro-colegio-san-viator","tag-coro-salesianos-de-huesca","tag-gabriel-gutierrez","tag-juan-carlos-prieto","tag-kikote","tag-luis-guitarra","tag-teatro-salesiano"],"_links":{"self":[{"href":"https:\/\/esperanzarte.com\/index.php?rest_route=\/wp\/v2\/posts\/716","targetHints":{"allow":["GET"]}}],"collection":[{"href":"https:\/\/esperanzarte.com\/index.php?rest_route=\/wp\/v2\/posts"}],"about":[{"href":"https:\/\/esperanzarte.com\/index.php?rest_route=\/wp\/v2\/types\/post"}],"author":[{"embeddable":true,"href":"https:\/\/esperanzarte.com\/index.php?rest_route=\/wp\/v2\/users\/2"}],"replies":[{"embeddable":true,"href":"https:\/\/esperanzarte.com\/index.php?rest_route=%2Fwp%2Fv2%2Fcomments&post=716"}],"version-history":[{"count":3,"href":"https:\/\/esperanzarte.com\/index.php?rest_route=\/wp\/v2\/posts\/716\/revisions"}],"predecessor-version":[{"id":722,"href":"https:\/\/esperanzarte.com\/index.php?rest_route=\/wp\/v2\/posts\/716\/revisions\/722"}],"wp:featuredmedia":[{"embeddable":true,"href":"https:\/\/esperanzarte.com\/index.php?rest_route=\/wp\/v2\/media\/719"}],"wp:attachment":[{"href":"https:\/\/esperanzarte.com\/index.php?rest_route=%2Fwp%2Fv2%2Fmedia&parent=716"}],"wp:term":[{"taxonomy":"category","embeddable":true,"href":"https:\/\/esperanzarte.com\/index.php?rest_route=%2Fwp%2Fv2%2Fcategories&post=716"},{"taxonomy":"post_tag","embeddable":true,"href":"https:\/\/esperanzarte.com\/index.php?rest_route=%2Fwp%2Fv2%2Ftags&post=716"}],"curies":[{"name":"wp","href":"https:\/\/api.w.org\/{rel}","templated":true}]}}