{"id":733,"date":"2019-11-17T23:31:00","date_gmt":"2019-11-17T21:31:00","guid":{"rendered":"http:\/\/esperanzarte.com\/?p=733"},"modified":"2019-11-30T20:46:19","modified_gmt":"2019-11-30T18:46:19","slug":"ea-2019-parroquia-de-valdespartera","status":"publish","type":"post","link":"https:\/\/esperanzarte.com\/?p=733","title":{"rendered":"EA 2019 Parroquia de Valdespartera"},"content":{"rendered":"<p>Por tercera vez volvemos a esta parroquia amiga donde tanto cari\u00f1o recibimos siempre. En esta ocasi\u00f3n con gente nueva, Carmen Sara Floriano y Luis Guitarra, y un formato especial: Caf\u00e9-Concierto + Eucarist\u00eda + Pincho solidario. \u00a1La ca\u00f1a!<\/p>\n<p>Lo cierto es que nuestro amigo Antonio Moreno, el p\u00e1rroco de la parroquia de San Ignacio Clemente Delgado, movi\u00f3 la misa familiar a las 12:30 h. Nos parec\u00eda muy tarde hacer el concierto tras la misa, as\u00ed que lo hemos hecho antes. El Consejo Parroquial, adem\u00e1s, lo quiso animar con un caf\u00e9 previo y un pincho solidario posterior para celebrar la III Jornada Mundial de los Pobres y hacer una donaci\u00f3n al Comedor de la Parroquia del Carmen. \u00a1Genial! Y all\u00ed hemos estado, animando el cotarro con canciones llenas de vida e historias que nos hac\u00edan saltar las l\u00e1grimas.<\/p>\n<p>\u00a1Gracias a todos por esta ma\u00f1ana fant\u00e1stica! \u00a1Gracias por apoyar la solidaridad, a nuestros artistas y al EsperanzARTE!<\/p>\n<div class=\"flagallery nivogallery_skin\" id=\"FlaGallery_sc1_66\" ><style type=\"text\/css\" scoped=\"scoped\">@import url('https:\/\/esperanzarte.com\/wp-content\/plugins\/flash-album-gallery\/assets\/nivoslider\/themes\/default\/default.css') all;<\/style><div class=\"slider-wrapper theme-default\" style=\"position: relative;\"> <div class=\"ribbon\"><\/div> <div class=\"flagallery_nivoSlider\" data-settings=\"{&quot;theme&quot;:&quot;default&quot;,&quot;effect&quot;:&quot;random&quot;,&quot;slices&quot;:&quot;15&quot;,&quot;animSpeed&quot;:&quot;500&quot;,&quot;pauseTime&quot;:&quot;5000&quot;,&quot;startSlide&quot;:&quot;0&quot;,&quot;pauseOnHover&quot;:&quot;1&quot;,&quot;directionNav&quot;:&quot;1&quot;,&quot;controlNav&quot;:&quot;1&quot;,&quot;linkTarget&quot;:&quot;0&quot;,&quot;randomStart&quot;:&quot;0&quot;,&quot;key&quot;:&quot;&quot;,&quot;name&quot;:&quot;&quot;,&quot;boxCols&quot;:8,&quot;boxRows&quot;:4,&quot;prevText&quot;:&quot;Prev&quot;,&quot;nextText&quot;:&quot;Next&quot;}\"> <img decoding=\"async\" class=\"noLazy\" alt=\"\" src=\"https:\/\/esperanzarte.com\/wp-content\/flagallery\/ea-2019-valdespartera\/webview\/esperanzarte-2019-111.JPG\"\/><img decoding=\"async\" class=\"noLazy\" alt=\"\" src=\"https:\/\/esperanzarte.com\/wp-content\/flagallery\/ea-2019-valdespartera\/webview\/esperanzarte-2019-112.JPG\"\/><img decoding=\"async\" class=\"noLazy\" alt=\"\" src=\"https:\/\/esperanzarte.com\/wp-content\/flagallery\/ea-2019-valdespartera\/webview\/esperanzarte-2019-113.JPG\"\/><img decoding=\"async\" class=\"noLazy\" alt=\"\" src=\"https:\/\/esperanzarte.com\/wp-content\/flagallery\/ea-2019-valdespartera\/webview\/esperanzarte-2019-114.JPG\"\/><img decoding=\"async\" class=\"noLazy\" alt=\"\" src=\"https:\/\/esperanzarte.com\/wp-content\/flagallery\/ea-2019-valdespartera\/webview\/esperanzarte-2019-115.JPG\"\/><img decoding=\"async\" class=\"noLazy\" alt=\"\" src=\"https:\/\/esperanzarte.com\/wp-content\/flagallery\/ea-2019-valdespartera\/webview\/esperanzarte-2019-116.JPG\"\/><img decoding=\"async\" class=\"noLazy\" alt=\"\" src=\"https:\/\/esperanzarte.com\/wp-content\/flagallery\/ea-2019-valdespartera\/webview\/esperanzarte-2019-117.JPG\"\/><img decoding=\"async\" class=\"noLazy\" alt=\"\" src=\"https:\/\/esperanzarte.com\/wp-content\/flagallery\/ea-2019-valdespartera\/webview\/esperanzarte-2019-118.JPG\"\/><img decoding=\"async\" class=\"noLazy\" alt=\"\" src=\"https:\/\/esperanzarte.com\/wp-content\/flagallery\/ea-2019-valdespartera\/webview\/esperanzarte-2019-119.JPG\"\/><img decoding=\"async\" class=\"noLazy\" alt=\"\" src=\"https:\/\/esperanzarte.com\/wp-content\/flagallery\/ea-2019-valdespartera\/webview\/esperanzarte-2019-120.JPG\"\/><img decoding=\"async\" class=\"noLazy\" alt=\"\" src=\"https:\/\/esperanzarte.com\/wp-content\/flagallery\/ea-2019-valdespartera\/webview\/esperanzarte-2019-121.JPG\"\/><img decoding=\"async\" class=\"noLazy\" alt=\"\" src=\"https:\/\/esperanzarte.com\/wp-content\/flagallery\/ea-2019-valdespartera\/webview\/esperanzarte-2019-122.JPG\"\/><img decoding=\"async\" class=\"noLazy\" alt=\"\" src=\"https:\/\/esperanzarte.com\/wp-content\/flagallery\/ea-2019-valdespartera\/webview\/esperanzarte-2019-123.JPG\"\/><img decoding=\"async\" class=\"noLazy\" alt=\"\" src=\"https:\/\/esperanzarte.com\/wp-content\/flagallery\/ea-2019-valdespartera\/webview\/esperanzarte-2019-124.JPG\"\/><img decoding=\"async\" class=\"noLazy\" alt=\"\" src=\"https:\/\/esperanzarte.com\/wp-content\/flagallery\/ea-2019-valdespartera\/webview\/esperanzarte-2019-125.JPG\"\/><img decoding=\"async\" class=\"noLazy\" alt=\"\" src=\"https:\/\/esperanzarte.com\/wp-content\/flagallery\/ea-2019-valdespartera\/webview\/esperanzarte-2019-126.JPG\"\/><img decoding=\"async\" class=\"noLazy\" alt=\"\" src=\"https:\/\/esperanzarte.com\/wp-content\/flagallery\/ea-2019-valdespartera\/webview\/esperanzarte-2019-127.JPG\"\/><img decoding=\"async\" class=\"noLazy\" alt=\"\" src=\"https:\/\/esperanzarte.com\/wp-content\/flagallery\/ea-2019-valdespartera\/webview\/esperanzarte-2019-128.JPG\"\/><img decoding=\"async\" class=\"noLazy\" alt=\"\" src=\"https:\/\/esperanzarte.com\/wp-content\/flagallery\/ea-2019-valdespartera\/webview\/esperanzarte-2019-129.JPG\"\/><img decoding=\"async\" class=\"noLazy\" alt=\"\" src=\"https:\/\/esperanzarte.com\/wp-content\/flagallery\/ea-2019-valdespartera\/webview\/esperanzarte-2019-130.JPG\"\/><img decoding=\"async\" class=\"noLazy\" alt=\"\" src=\"https:\/\/esperanzarte.com\/wp-content\/flagallery\/ea-2019-valdespartera\/webview\/esperanzarte-2019-131.JPG\"\/><img decoding=\"async\" class=\"noLazy\" alt=\"\" src=\"https:\/\/esperanzarte.com\/wp-content\/flagallery\/ea-2019-valdespartera\/webview\/esperanzarte-2019-132.JPG\"\/><img decoding=\"async\" class=\"noLazy\" alt=\"\" src=\"https:\/\/esperanzarte.com\/wp-content\/flagallery\/ea-2019-valdespartera\/webview\/esperanzarte-2019-133.JPG\"\/><img decoding=\"async\" class=\"noLazy\" alt=\"\" src=\"https:\/\/esperanzarte.com\/wp-content\/flagallery\/ea-2019-valdespartera\/webview\/esperanzarte-2019-134.JPG\"\/><img decoding=\"async\" class=\"noLazy\" alt=\"\" src=\"https:\/\/esperanzarte.com\/wp-content\/flagallery\/ea-2019-valdespartera\/webview\/esperanzarte-2019-135.JPG\"\/> <\/div><\/div><\/div><noscript id=\"noscript_FlaGallery_sc1_66\"><img class=\"skip-lazy no-lazyload noLazy\" data-lazy-src=\"\" src =\"https:\/\/esperanzarte.com\/wp-content\/flagallery\/ea-2019-valdespartera\/esperanzarte-2019-111.JPG\" alt=\"\" \/><img class=\"skip-lazy no-lazyload noLazy\" data-lazy-src=\"\" src =\"https:\/\/esperanzarte.com\/wp-content\/flagallery\/ea-2019-valdespartera\/esperanzarte-2019-112.JPG\" alt=\"\" \/><img class=\"skip-lazy no-lazyload noLazy\" data-lazy-src=\"\" src =\"https:\/\/esperanzarte.com\/wp-content\/flagallery\/ea-2019-valdespartera\/esperanzarte-2019-113.JPG\" alt=\"\" \/><img class=\"skip-lazy no-lazyload noLazy\" data-lazy-src=\"\" src =\"https:\/\/esperanzarte.com\/wp-content\/flagallery\/ea-2019-valdespartera\/esperanzarte-2019-114.JPG\" alt=\"\" \/><img class=\"skip-lazy no-lazyload noLazy\" data-lazy-src=\"\" src =\"https:\/\/esperanzarte.com\/wp-content\/flagallery\/ea-2019-valdespartera\/esperanzarte-2019-115.JPG\" alt=\"\" \/><img class=\"skip-lazy no-lazyload noLazy\" data-lazy-src=\"\" src =\"https:\/\/esperanzarte.com\/wp-content\/flagallery\/ea-2019-valdespartera\/esperanzarte-2019-116.JPG\" alt=\"\" \/><img class=\"skip-lazy no-lazyload noLazy\" data-lazy-src=\"\" src =\"https:\/\/esperanzarte.com\/wp-content\/flagallery\/ea-2019-valdespartera\/esperanzarte-2019-117.JPG\" alt=\"\" \/><img class=\"skip-lazy no-lazyload noLazy\" data-lazy-src=\"\" src =\"https:\/\/esperanzarte.com\/wp-content\/flagallery\/ea-2019-valdespartera\/esperanzarte-2019-118.JPG\" alt=\"\" \/><img class=\"skip-lazy no-lazyload noLazy\" data-lazy-src=\"\" src =\"https:\/\/esperanzarte.com\/wp-content\/flagallery\/ea-2019-valdespartera\/esperanzarte-2019-119.JPG\" alt=\"\" \/><img class=\"skip-lazy no-lazyload noLazy\" data-lazy-src=\"\" src =\"https:\/\/esperanzarte.com\/wp-content\/flagallery\/ea-2019-valdespartera\/esperanzarte-2019-120.JPG\" alt=\"\" \/><img class=\"skip-lazy no-lazyload noLazy\" data-lazy-src=\"\" src =\"https:\/\/esperanzarte.com\/wp-content\/flagallery\/ea-2019-valdespartera\/esperanzarte-2019-121.JPG\" alt=\"\" \/><img class=\"skip-lazy no-lazyload noLazy\" data-lazy-src=\"\" src =\"https:\/\/esperanzarte.com\/wp-content\/flagallery\/ea-2019-valdespartera\/esperanzarte-2019-122.JPG\" alt=\"\" \/><img class=\"skip-lazy no-lazyload noLazy\" data-lazy-src=\"\" src =\"https:\/\/esperanzarte.com\/wp-content\/flagallery\/ea-2019-valdespartera\/esperanzarte-2019-123.JPG\" alt=\"\" \/><img class=\"skip-lazy no-lazyload noLazy\" data-lazy-src=\"\" src =\"https:\/\/esperanzarte.com\/wp-content\/flagallery\/ea-2019-valdespartera\/esperanzarte-2019-124.JPG\" alt=\"\" \/><img class=\"skip-lazy no-lazyload noLazy\" data-lazy-src=\"\" src =\"https:\/\/esperanzarte.com\/wp-content\/flagallery\/ea-2019-valdespartera\/esperanzarte-2019-125.JPG\" alt=\"\" \/><img class=\"skip-lazy no-lazyload noLazy\" data-lazy-src=\"\" src =\"https:\/\/esperanzarte.com\/wp-content\/flagallery\/ea-2019-valdespartera\/esperanzarte-2019-126.JPG\" alt=\"\" \/><img class=\"skip-lazy no-lazyload noLazy\" data-lazy-src=\"\" src =\"https:\/\/esperanzarte.com\/wp-content\/flagallery\/ea-2019-valdespartera\/esperanzarte-2019-127.JPG\" alt=\"\" \/><img class=\"skip-lazy no-lazyload noLazy\" data-lazy-src=\"\" src =\"https:\/\/esperanzarte.com\/wp-content\/flagallery\/ea-2019-valdespartera\/esperanzarte-2019-128.JPG\" alt=\"\" \/><img class=\"skip-lazy no-lazyload noLazy\" data-lazy-src=\"\" src =\"https:\/\/esperanzarte.com\/wp-content\/flagallery\/ea-2019-valdespartera\/esperanzarte-2019-129.JPG\" alt=\"\" \/><img class=\"skip-lazy no-lazyload noLazy\" data-lazy-src=\"\" src =\"https:\/\/esperanzarte.com\/wp-content\/flagallery\/ea-2019-valdespartera\/esperanzarte-2019-130.JPG\" alt=\"\" \/><img class=\"skip-lazy no-lazyload noLazy\" data-lazy-src=\"\" src =\"https:\/\/esperanzarte.com\/wp-content\/flagallery\/ea-2019-valdespartera\/esperanzarte-2019-131.JPG\" alt=\"\" \/><img class=\"skip-lazy no-lazyload noLazy\" data-lazy-src=\"\" src =\"https:\/\/esperanzarte.com\/wp-content\/flagallery\/ea-2019-valdespartera\/esperanzarte-2019-132.JPG\" alt=\"\" \/><img class=\"skip-lazy no-lazyload noLazy\" data-lazy-src=\"\" src =\"https:\/\/esperanzarte.com\/wp-content\/flagallery\/ea-2019-valdespartera\/esperanzarte-2019-133.JPG\" alt=\"\" \/><img class=\"skip-lazy no-lazyload noLazy\" data-lazy-src=\"\" src =\"https:\/\/esperanzarte.com\/wp-content\/flagallery\/ea-2019-valdespartera\/esperanzarte-2019-134.JPG\" alt=\"\" \/><img class=\"skip-lazy no-lazyload noLazy\" data-lazy-src=\"\" src =\"https:\/\/esperanzarte.com\/wp-content\/flagallery\/ea-2019-valdespartera\/esperanzarte-2019-135.JPG\" alt=\"\" \/><\/noscript>\n","protected":false},"excerpt":{"rendered":"<p>Por tercera vez volvemos a esta parroquia amiga donde tanto cari\u00f1o recibimos siempre. En esta ocasi\u00f3n con gente nueva, Carmen Sara Floriano y Luis Guitarra, y un formato especial: Caf\u00e9-Concierto + Eucarist\u00eda + Pincho solidario. \u00a1La ca\u00f1a! Lo cierto es que nuestro amigo Antonio Moreno, el p\u00e1rroco de la parroquia de San Ignacio Clemente Delgado, &hellip; <a href=\"https:\/\/esperanzarte.com\/?p=733\" class=\"more-link\">Seguir leyendo <span class=\"screen-reader-text\">EA 2019 Parroquia de Valdespartera<\/span> <span class=\"meta-nav\">&rarr;<\/span><\/a><\/p>\n","protected":false},"author":2,"featured_media":737,"comment_status":"closed","ping_status":"closed","sticky":false,"template":"","format":"standard","meta":{"footnotes":""},"categories":[45,44,160],"tags":[194,64,21,25,63,181],"class_list":["post-733","post","type-post","status-publish","format-standard","has-post-thumbnail","hentry","category-carmen-sara-floriano","category-luis-guitarra","category-parroquia-de-valdespartera-zaragoza","tag-antonio-moreno-montero","tag-carmen-sara-floriano","tag-esperanzarte","tag-festival-2","tag-luis-guitarra","tag-parroquia-valdespartera"],"_links":{"self":[{"href":"https:\/\/esperanzarte.com\/index.php?rest_route=\/wp\/v2\/posts\/733","targetHints":{"allow":["GET"]}}],"collection":[{"href":"https:\/\/esperanzarte.com\/index.php?rest_route=\/wp\/v2\/posts"}],"about":[{"href":"https:\/\/esperanzarte.com\/index.php?rest_route=\/wp\/v2\/types\/post"}],"author":[{"embeddable":true,"href":"https:\/\/esperanzarte.com\/index.php?rest_route=\/wp\/v2\/users\/2"}],"replies":[{"embeddable":true,"href":"https:\/\/esperanzarte.com\/index.php?rest_route=%2Fwp%2Fv2%2Fcomments&post=733"}],"version-history":[{"count":3,"href":"https:\/\/esperanzarte.com\/index.php?rest_route=\/wp\/v2\/posts\/733\/revisions"}],"predecessor-version":[{"id":740,"href":"https:\/\/esperanzarte.com\/index.php?rest_route=\/wp\/v2\/posts\/733\/revisions\/740"}],"wp:featuredmedia":[{"embeddable":true,"href":"https:\/\/esperanzarte.com\/index.php?rest_route=\/wp\/v2\/media\/737"}],"wp:attachment":[{"href":"https:\/\/esperanzarte.com\/index.php?rest_route=%2Fwp%2Fv2%2Fmedia&parent=733"}],"wp:term":[{"taxonomy":"category","embeddable":true,"href":"https:\/\/esperanzarte.com\/index.php?rest_route=%2Fwp%2Fv2%2Fcategories&post=733"},{"taxonomy":"post_tag","embeddable":true,"href":"https:\/\/esperanzarte.com\/index.php?rest_route=%2Fwp%2Fv2%2Ftags&post=733"}],"curies":[{"name":"wp","href":"https:\/\/api.w.org\/{rel}","templated":true}]}}