{"id":742,"date":"2019-11-17T23:05:24","date_gmt":"2019-11-17T21:05:24","guid":{"rendered":"http:\/\/esperanzarte.com\/?p=742"},"modified":"2019-12-09T21:28:42","modified_gmt":"2019-12-09T19:28:42","slug":"last-but-not-least","status":"publish","type":"post","link":"https:\/\/esperanzarte.com\/?p=742","title":{"rendered":"Last but not least!"},"content":{"rendered":"<p>Bueno, eso es lo que dicen los angl\u00f3fonos: \u00ab\u00a1El \u00faltimo, pero no el menos importante!\u00bb.\u00a0 As\u00ed ha sido el concierto final de esta edici\u00f3n del Festival EsperanzARTE 2019 en el Centro Penitenciario de Zuera.<\/p>\n<p>Unos 160 reclusos y reclusas han vuelto a cantar la canci\u00f3n \u00abConserva, Se\u00f1or, mi coraz\u00f3n en paz y unido a Ti\u00bb con la ayuda del grupo \u00abUni2 a Jes\u00fas\u00bb (Silvia Garc\u00eda, Paquy Hern\u00e1ndez, Susana Vaquerizo, Sara y Juan Yzuel) del Actur, Zaragoza, que han sido los teloneros del plato fuerte, Luis Guitarra, cuya m\u00fasica ha conmovido y animado a todos los asistentes. \u00a1C\u00f3mo suena en este contexto su maravillosa canci\u00f3n \u00abTodo ir\u00e1 bien\u00bb!<\/p>\n<p>Gracias a todos los que han facilitado esta siempre compleja operaci\u00f3n de entrar en la c\u00e1rcel. Ojal\u00e1 pudi\u00e9ramos nombrar aqu\u00ed a las personas que han colaborado con el sonido y el escenario, pero tanto im\u00e1genes como nombres est\u00e1n prohibidos en este cotexto. En especial, nuestro cari\u00f1o para\u00a0 el P. Ra\u00fal Revilla, apasionado pasionista y capell\u00e1n del centro, y al P. \u00c1lvaro Sic\u00e1n, mercedario.<\/p>\n<p>Como siempre, hemos recibido el ciento por uno en sonrisas, abrazos y palabras de agradecimiento. Pero hemos sido nosotros los que hemos sido edificados por la fe y el cari\u00f1o de estos hermanos encarcelados. \u00a1Que el Se\u00f1or haga crecer en vuestros corazones la Esperanza y el Amor!<\/p>\n","protected":false},"excerpt":{"rendered":"<p>Bueno, eso es lo que dicen los angl\u00f3fonos: \u00ab\u00a1El \u00faltimo, pero no el menos importante!\u00bb.\u00a0 As\u00ed ha sido el concierto final de esta edici\u00f3n del Festival EsperanzARTE 2019 en el Centro Penitenciario de Zuera. Unos 160 reclusos y reclusas han vuelto a cantar la canci\u00f3n \u00abConserva, Se\u00f1or, mi coraz\u00f3n en paz y unido a Ti\u00bb &hellip; <a href=\"https:\/\/esperanzarte.com\/?p=742\" class=\"more-link\">Seguir leyendo <span class=\"screen-reader-text\">Last but not least!<\/span> <span class=\"meta-nav\">&rarr;<\/span><\/a><\/p>\n","protected":false},"author":2,"featured_media":743,"comment_status":"closed","ping_status":"closed","sticky":false,"template":"","format":"standard","meta":{"footnotes":""},"categories":[115,7,44,320,319],"tags":[252,321,113,21,25,63,114,322],"class_list":["post-742","post","type-post","status-publish","format-standard","has-post-thumbnail","hentry","category-centro-penitenciario-de-zuera","category-festival-ea-zuera","category-luis-guitarra","category-raul-revilla","category-uni2-a-jesus","tag-252","tag-alvaro-sican","tag-centro-penitenciario-de-zuera","tag-esperanzarte","tag-festival-2","tag-luis-guitarra","tag-raul-revilla","tag-uni2-a-jesus"],"_links":{"self":[{"href":"https:\/\/esperanzarte.com\/index.php?rest_route=\/wp\/v2\/posts\/742","targetHints":{"allow":["GET"]}}],"collection":[{"href":"https:\/\/esperanzarte.com\/index.php?rest_route=\/wp\/v2\/posts"}],"about":[{"href":"https:\/\/esperanzarte.com\/index.php?rest_route=\/wp\/v2\/types\/post"}],"author":[{"embeddable":true,"href":"https:\/\/esperanzarte.com\/index.php?rest_route=\/wp\/v2\/users\/2"}],"replies":[{"embeddable":true,"href":"https:\/\/esperanzarte.com\/index.php?rest_route=%2Fwp%2Fv2%2Fcomments&post=742"}],"version-history":[{"count":3,"href":"https:\/\/esperanzarte.com\/index.php?rest_route=\/wp\/v2\/posts\/742\/revisions"}],"predecessor-version":[{"id":746,"href":"https:\/\/esperanzarte.com\/index.php?rest_route=\/wp\/v2\/posts\/742\/revisions\/746"}],"wp:featuredmedia":[{"embeddable":true,"href":"https:\/\/esperanzarte.com\/index.php?rest_route=\/wp\/v2\/media\/743"}],"wp:attachment":[{"href":"https:\/\/esperanzarte.com\/index.php?rest_route=%2Fwp%2Fv2%2Fmedia&parent=742"}],"wp:term":[{"taxonomy":"category","embeddable":true,"href":"https:\/\/esperanzarte.com\/index.php?rest_route=%2Fwp%2Fv2%2Fcategories&post=742"},{"taxonomy":"post_tag","embeddable":true,"href":"https:\/\/esperanzarte.com\/index.php?rest_route=%2Fwp%2Fv2%2Ftags&post=742"}],"curies":[{"name":"wp","href":"https:\/\/api.w.org\/{rel}","templated":true}]}}